{"id":133,"date":"2018-08-22T15:52:44","date_gmt":"2018-08-22T15:52:44","guid":{"rendered":"https:\/\/www.cirugiadehombroguadalajara.com\/blog\/?p=133"},"modified":"2021-09-01T10:24:23","modified_gmt":"2021-09-01T16:24:23","slug":"dolor-en-la-espalda","status":"publish","type":"post","link":"https:\/\/www.cirugiadehombroguadalajara.com\/blog\/dolor-en-la-espalda\/","title":{"rendered":"Dolor en la espalda"},"content":{"rendered":"<h1>Dolor en la espalda<\/h1>\n<p>Objetivo<br \/>Valor de los cambios Modic a 10 a\u00f1os en la evoluci\u00f3n del dolor lumbar y requerimiento quir\u00fargico.<\/p>\n<p>Material y m\u00e9todo<br \/>Estudio observacional longitudinal de cohortes prospectivo. Se compara la evoluci\u00f3n a los 10 a\u00f1os de 2 grupos de pacientes con dolor lumbar cr\u00f3nico: el grupo A mostraba cambios Modic en la RM y el grupo B no ten\u00eda cambios Modic. Criterios de exclusi\u00f3n: neoplasia, enfermedad inflamatoria o infecciosa y cirug\u00eda previa. Fueron valorados mediante EVA para <a href=\"https:\/\/cirugiadecolumnaguadalajara.com.mx\" target=\"_blank\" rel=\"noopener\"><strong><em>Dolor en la espalda<\/em><\/strong><\/a>, radicular y cuestionario de discapacidad de Oswestry. Se estudia la necesidad de tratamiento quir\u00fargico o m\u00e9dico y la obtenci\u00f3n de una incapacidad laboral en el periodo de estudio. El an\u00e1lisis estad\u00edstico fue realizado mediante U de Mann-Whitney y regresi\u00f3n log\u00edstica.<\/p>\n<p>Resultados<br \/>Se incluyeron 70 pacientes, 24 varones y 46 mujeres, con una edad media de 56,5 a\u00f1os (35 en cada grupo). No se encontraron diferencias estad\u00edsticamente significativas en los pacientes con cambios Modic 1, 2 o 3 entre la valoraci\u00f3n inicial y la realizada 10 a\u00f1os despu\u00e9s en la intensidad del <a href=\"https:\/\/cirugiadecolumnaguadalajara.com.mx\" target=\"_blank\" rel=\"noopener\"><strong><em>Dolor en la espalda<\/em><\/strong>,<\/a> el grado de discapacidad o la necesidad de tratamiento m\u00e9dico o quir\u00fargico (p&gt;0,05). No se observan diferencias estad\u00edsticamente significativas entre los pacientes con cambios Modic y sin ellos a 10 a\u00f1os de seguimiento (p&gt;0,05).<\/p>\n<p><img loading=\"lazy\" decoding=\"async\" class=\"alignnone size-full wp-image-939\" src=\"https:\/\/www.cirugiadehombroguadalajara.com\/blog\/wp-content\/uploads\/columna-1056x1056-1.jpg\" alt=\"Cirug\u00eda de columna en Zapopan\" width=\"1177\" height=\"434\" title=\"\" srcset=\"https:\/\/www.cirugiadehombroguadalajara.com\/blog\/wp-content\/uploads\/columna-1056x1056-1.jpg 1177w, https:\/\/www.cirugiadehombroguadalajara.com\/blog\/wp-content\/uploads\/columna-1056x1056-1-980x361.jpg 980w, https:\/\/www.cirugiadehombroguadalajara.com\/blog\/wp-content\/uploads\/columna-1056x1056-1-480x177.jpg 480w\" sizes=\"(min-width: 0px) and (max-width: 480px) 480px, (min-width: 481px) and (max-width: 980px) 980px, (min-width: 981px) 1177px, 100vw\" \/><\/p>\n<p>Conclusi\u00f3n<br \/>La presencia de cambios Modic en la RM no se relaciona con una mayor intensidad del dolor, de la discapacidad por dolor lumbar o la necesidad de tratamiento m\u00e9dico o quir\u00fargico a 10 a\u00f1os de seguimiento. Los cambios Modic no pueden ser considerados un signo de mal pron\u00f3stico por s\u00ed solos, ni una indicaci\u00f3n para <a href=\"https:\/\/cirugiadecolumnaguadalajara.com.mx\" target=\"_blank\" rel=\"noopener\"><strong><em>Cirug\u00eda de columna en Guadalajara<\/em><\/strong>.<\/a><\/p>\n<h2><a href=\"https:\/\/cirugiadecolumnaguadalajara.com.mx\" target=\"_blank\" rel=\"noopener\"><em><strong>Dolor en la espalda <\/strong><\/em><\/a><\/h2>\n\n\n<div class=\"wp-block-buttons is-layout-flex wp-block-buttons-is-layout-flex\">\n<div class=\"wp-block-button has-custom-width wp-block-button__width-100 has-custom-font-size is-style-fill has-medium-font-size\"><a class=\"wp-block-button__link has-white-color has-text-color has-background\" href=\"https:\/\/www.doctoralia.com.mx\/esteban-castro-contreras-2\/ortopedista-traumatologo\/tlajomulco-de-zuniga?utm_source=widget-doctor-63351&amp;utm_medium=certificate&amp;utm_campaign=&amp;utm_content=#highlight-calendar\" style=\"background-color:#00c3a5\" target=\"_blank\" rel=\"noreferrer noopener\"> Agenda una cita <\/a><\/div>\n\n\n\n<div class=\"wp-block-button has-custom-width wp-block-button__width-100 is-style-fill\"><a class=\"wp-block-button__link has-background\" href=\"https:\/\/www.cirugiadehombroguadalajara.com\/blog\" style=\"background-color:#0798bc\"> Conoce m\u00e1s <\/a><\/div>\n\n\n\n<div class=\"wp-block-button has-custom-width wp-block-button__width-50 is-style-outline is-style-outline--1\"><a class=\"wp-block-button__link has-text-color\" href=\"https:\/\/www.facebook.com\/Dr-Esteban-Castro-Contreras-Traumat%C3%B3logo-y-Ortopedista-121291695221565\/\" style=\"color:#0798bc\" target=\"_blank\" rel=\"noreferrer noopener\"> Facebook<\/a><\/div>\n\n\n\n<div class=\"wp-block-button has-custom-width wp-block-button__width-50 is-style-outline is-style-outline--2\"><a class=\"wp-block-button__link has-white-background-color has-text-color has-background\" href=\"https:\/\/www.instagram.com\/drestebancastrotrauma\/\" style=\"color:#0798bc\" target=\"_blank\" rel=\"noreferrer noopener\"> Instagram<\/a><\/div>\n<\/div>\n","protected":false},"excerpt":{"rendered":"<p>Dolor en la espalda ObjetivoValor de los cambios Modic a 10 a\u00f1os en la evoluci\u00f3n del dolor lumbar y requerimiento quir\u00fargico. Material y m\u00e9todoEstudio observacional longitudinal de cohortes prospectivo. Se compara la evoluci\u00f3n a los 10 a\u00f1os de 2 grupos de pacientes con dolor lumbar cr\u00f3nico: el grupo A mostraba cambios Modic en la RM [&hellip;]<\/p>\n","protected":false},"author":1,"featured_media":946,"comment_status":"open","ping_status":"open","sticky":false,"template":"","format":"standard","meta":{"_et_pb_use_builder":"","_et_pb_old_content":"","_et_gb_content_width":"","footnotes":""},"categories":[32,66],"tags":[34,21,36,67,38,37,35],"class_list":["post-133","post","type-post","status-publish","format-standard","has-post-thumbnail","hentry","category-cirugia-de-columna","category-dolor-en-la-espalda","tag-cirugia-de-columna-guadalajara","tag-cirugia-ortopedica-general","tag-dolor-de-columna","tag-dolor-en-la-espalda","tag-enfermedades-de-la-columna","tag-fracturas-de-la-columna","tag-lesiones-de-columna-vertebral"],"_links":{"self":[{"href":"https:\/\/www.cirugiadehombroguadalajara.com\/blog\/wp-json\/wp\/v2\/posts\/133","targetHints":{"allow":["GET"]}}],"collection":[{"href":"https:\/\/www.cirugiadehombroguadalajara.com\/blog\/wp-json\/wp\/v2\/posts"}],"about":[{"href":"https:\/\/www.cirugiadehombroguadalajara.com\/blog\/wp-json\/wp\/v2\/types\/post"}],"author":[{"embeddable":true,"href":"https:\/\/www.cirugiadehombroguadalajara.com\/blog\/wp-json\/wp\/v2\/users\/1"}],"replies":[{"embeddable":true,"href":"https:\/\/www.cirugiadehombroguadalajara.com\/blog\/wp-json\/wp\/v2\/comments?post=133"}],"version-history":[{"count":4,"href":"https:\/\/www.cirugiadehombroguadalajara.com\/blog\/wp-json\/wp\/v2\/posts\/133\/revisions"}],"predecessor-version":[{"id":1355,"href":"https:\/\/www.cirugiadehombroguadalajara.com\/blog\/wp-json\/wp\/v2\/posts\/133\/revisions\/1355"}],"wp:featuredmedia":[{"embeddable":true,"href":"https:\/\/www.cirugiadehombroguadalajara.com\/blog\/wp-json\/wp\/v2\/media\/946"}],"wp:attachment":[{"href":"https:\/\/www.cirugiadehombroguadalajara.com\/blog\/wp-json\/wp\/v2\/media?parent=133"}],"wp:term":[{"taxonomy":"category","embeddable":true,"href":"https:\/\/www.cirugiadehombroguadalajara.com\/blog\/wp-json\/wp\/v2\/categories?post=133"},{"taxonomy":"post_tag","embeddable":true,"href":"https:\/\/www.cirugiadehombroguadalajara.com\/blog\/wp-json\/wp\/v2\/tags?post=133"}],"curies":[{"name":"wp","href":"https:\/\/api.w.org\/{rel}","templated":true}]}}