{"id":146,"date":"2018-08-28T22:36:21","date_gmt":"2018-08-28T22:36:21","guid":{"rendered":"https:\/\/www.cirugiadehombroguadalajara.com\/blog\/?p=146"},"modified":"2021-09-01T10:21:23","modified_gmt":"2021-09-01T16:21:23","slug":"cirugia-de-columna-en-zapopan","status":"publish","type":"post","link":"https:\/\/www.cirugiadehombroguadalajara.com\/blog\/cirugia-de-columna-en-zapopan\/","title":{"rendered":"Cirug\u00eda de columna en Zapopan"},"content":{"rendered":"<h1>Cirug\u00eda de columna en Zapopan<\/h1>\n<p><span class=\"elsevierStyleSection elsevierViewall\"><span id=\"sect0010\" class=\"elsevierStyleSectionTitle\">Objetivo<\/span><\/span><\/p>\n<p id=\"spar0005\" class=\"elsevierStyleSimplePara elsevierViewall\">Evaluar el valor predictivo de los cambios Modic tipoII en la resonancia magn\u00e9tica nuclear (RMN), previa a intervenci\u00f3n de hernia discal lumbar mediante discectom\u00eda, en paciente con cl\u00ednica radicular.<\/p>\n<p><span id=\"abst0005\" class=\"elsevierStyleSection elsevierViewall\"><\/span><span class=\"elsevierStyleSection elsevierViewall\"><span id=\"sect0015\" class=\"elsevierStyleSectionTitle\">Material y m\u00e9todo<\/span><\/span><\/p>\n<p id=\"spar0010\" class=\"elsevierStyleSimplePara elsevierViewall\">Estudio descriptivo retrospectivo realizado en 190 pacientes (58,2% hombres, 41,8% mujeres) con una edad media de 43,5 a\u00f1os, intervenidos entre diciembre de 2005 y enero de 2013.<\/p>\n<p id=\"spar0015\" class=\"elsevierStyleSimplePara elsevierViewall\">Se dividieron en grupo 1, con hernia discal simple (n=85), y grupo 2, con hernia discal y cambios Modic tipoII (n=80).<\/p>\n<p id=\"spar0020\" class=\"elsevierStyleSimplePara elsevierViewall\">Variables estudiadas: peso, talla, lateralidad, nivel de la lesi\u00f3n, d\u00e9ficit neurol\u00f3gico previo, complicaciones posquir\u00fargicas,<strong><em><a href=\"https:\/\/cirugiadecolumnaguadalajara.com.mx\/\" target=\"_blank\" rel=\"noopener\">Cirug\u00eda de columna en Zapopan<\/a>&nbsp;<\/em><\/strong>, persistencia de dolor y necesidad de artrodesis lumbar posterior, con un seguimiento medio de 67 meses (grupo 1: 68,1; grupo 2: 66,8).<\/p>\n<p><span id=\"abst0010\" class=\"elsevierStyleSection elsevierViewall\"><\/span><span class=\"elsevierStyleSection elsevierViewall\"><span id=\"sect0020\" class=\"elsevierStyleSectionTitle\">Resultados<\/span><\/span><\/p>\n<p id=\"spar0025\" class=\"elsevierStyleSimplePara elsevierViewall\">En el grupo 1 se registraron 4 recidivas herniarias que requirieron revisi\u00f3n <strong><em><a href=\"https:\/\/cirugiadecolumnaguadalajara.com.mx\/\" target=\"_blank\" rel=\"noopener\">Cirug\u00eda de columna en Zapopan<\/a>&nbsp;<\/em><\/strong>y 6 casos precisaron artrodesis lumbar. En el grupo 2 se observaron 4 recidivas que tambi\u00e9n se revisaron y 8 casos que precisaron artrodesis.<\/p>\n<p id=\"spar0030\" class=\"elsevierStyleSimplePara elsevierViewall\">No se encontraron diferencias estad\u00edsticamente significativas al comparar la aparici\u00f3n de recidiva (p<span class=\"elsevierStyleMonospace\">=<\/span>0,903), necesidad de artrodesis posterior (p<span class=\"elsevierStyleMonospace\">=<\/span>0,572), ni en el resto de variables.<\/p>\n<p><span id=\"abst0015\" class=\"elsevierStyleSection elsevierViewall\"><\/span><span class=\"elsevierStyleSection elsevierViewall\"><span id=\"sect0025\" class=\"elsevierStyleSectionTitle\">Discusi\u00f3n<\/span><\/span><\/p>\n<p id=\"spar0035\" class=\"elsevierStyleSimplePara elsevierViewall\">Con los datos obtenidos y las caracter\u00edsticas de nuestro estudio, no podemos afirmar que los cambios Modic tipoII sean un signo predictivo del resultado de la discectom\u00eda lumbar en nuestra poblaci\u00f3n de estudio.<\/p>\n<h2><a href=\"https:\/\/cirugiadecolumnaguadalajara.com.mx\/\" target=\"_blank\" rel=\"noopener\"><em><strong>Cirug\u00eda de columna en Zapopan<\/strong><\/em><\/a><\/h2>\n<p><a href=\"https:\/\/www.cirugiadehombroguadalajara.com\/blog\">Cirug\u00eda de columna en Zapopan<\/a><\/p>\n\n\n<figure class=\"wp-block-image size-large\"><img loading=\"lazy\" decoding=\"async\" width=\"1177\" height=\"434\" src=\"https:\/\/www.cirugiadehombroguadalajara.com\/blog\/wp-content\/uploads\/columna-1056x1056-1.jpg\" alt=\"Cirug\u00eda de columna en Zapopan\" class=\"wp-image-939\" title=\"\" srcset=\"https:\/\/www.cirugiadehombroguadalajara.com\/blog\/wp-content\/uploads\/columna-1056x1056-1.jpg 1177w, https:\/\/www.cirugiadehombroguadalajara.com\/blog\/wp-content\/uploads\/columna-1056x1056-1-980x361.jpg 980w, https:\/\/www.cirugiadehombroguadalajara.com\/blog\/wp-content\/uploads\/columna-1056x1056-1-480x177.jpg 480w\" sizes=\"(min-width: 0px) and (max-width: 480px) 480px, (min-width: 481px) and (max-width: 980px) 980px, (min-width: 981px) 1177px, 100vw\" \/><\/figure>\n\n\n\n<div class=\"wp-block-buttons is-layout-flex wp-block-buttons-is-layout-flex\">\n<div class=\"wp-block-button has-custom-width wp-block-button__width-100 has-custom-font-size is-style-fill has-medium-font-size\"><a class=\"wp-block-button__link has-white-color has-text-color has-background\" href=\"https:\/\/www.doctoralia.com.mx\/esteban-castro-contreras-2\/ortopedista-traumatologo\/tlajomulco-de-zuniga?utm_source=widget-doctor-63351&amp;utm_medium=certificate&amp;utm_campaign=&amp;utm_content=#highlight-calendar\" style=\"background-color:#00c3a5\" target=\"_blank\" rel=\"noreferrer noopener\"> Agenda una cita <\/a><\/div>\n\n\n\n<div class=\"wp-block-button has-custom-width wp-block-button__width-100 is-style-fill\"><a class=\"wp-block-button__link has-background\" href=\"https:\/\/www.cirugiadehombroguadalajara.com\/blog\" style=\"background-color:#0798bc\"> Conoce m\u00e1s <\/a><\/div>\n\n\n\n<div class=\"wp-block-button has-custom-width wp-block-button__width-50 is-style-outline is-style-outline--1\"><a class=\"wp-block-button__link has-text-color\" href=\"https:\/\/www.facebook.com\/Dr-Esteban-Castro-Contreras-Traumat%C3%B3logo-y-Ortopedista-121291695221565\/\" style=\"color:#0798bc\" target=\"_blank\" rel=\"noreferrer noopener\"> Facebook<\/a><\/div>\n\n\n\n<div class=\"wp-block-button has-custom-width wp-block-button__width-50 is-style-outline is-style-outline--2\"><a class=\"wp-block-button__link has-white-background-color has-text-color has-background\" href=\"https:\/\/www.instagram.com\/drestebancastrotrauma\/\" style=\"color:#0798bc\" target=\"_blank\" rel=\"noreferrer noopener\"> Instagram<\/a><\/div>\n<\/div>\n","protected":false},"excerpt":{"rendered":"<p>Cirug\u00eda de columna en Zapopan Objetivo Evaluar el valor predictivo de los cambios Modic tipoII en la resonancia magn\u00e9tica nuclear (RMN), previa a intervenci\u00f3n de hernia discal lumbar mediante discectom\u00eda, en paciente con cl\u00ednica radicular. Material y m\u00e9todo Estudio descriptivo retrospectivo realizado en 190 pacientes (58,2% hombres, 41,8% mujeres) con una edad media de 43,5 [&hellip;]<\/p>\n","protected":false},"author":1,"featured_media":939,"comment_status":"open","ping_status":"open","sticky":false,"template":"","format":"standard","meta":{"_et_pb_use_builder":"","_et_pb_old_content":"","_et_gb_content_width":"","footnotes":""},"categories":[32,50,66],"tags":[69,34,21,36,38,37,35],"class_list":["post-146","post","type-post","status-publish","format-standard","has-post-thumbnail","hentry","category-cirugia-de-columna","category-cirugia-ortopedica","category-dolor-en-la-espalda","tag-cirugia-de-columna-en-zapopan","tag-cirugia-de-columna-guadalajara","tag-cirugia-ortopedica-general","tag-dolor-de-columna","tag-enfermedades-de-la-columna","tag-fracturas-de-la-columna","tag-lesiones-de-columna-vertebral"],"_links":{"self":[{"href":"https:\/\/www.cirugiadehombroguadalajara.com\/blog\/wp-json\/wp\/v2\/posts\/146","targetHints":{"allow":["GET"]}}],"collection":[{"href":"https:\/\/www.cirugiadehombroguadalajara.com\/blog\/wp-json\/wp\/v2\/posts"}],"about":[{"href":"https:\/\/www.cirugiadehombroguadalajara.com\/blog\/wp-json\/wp\/v2\/types\/post"}],"author":[{"embeddable":true,"href":"https:\/\/www.cirugiadehombroguadalajara.com\/blog\/wp-json\/wp\/v2\/users\/1"}],"replies":[{"embeddable":true,"href":"https:\/\/www.cirugiadehombroguadalajara.com\/blog\/wp-json\/wp\/v2\/comments?post=146"}],"version-history":[{"count":5,"href":"https:\/\/www.cirugiadehombroguadalajara.com\/blog\/wp-json\/wp\/v2\/posts\/146\/revisions"}],"predecessor-version":[{"id":1349,"href":"https:\/\/www.cirugiadehombroguadalajara.com\/blog\/wp-json\/wp\/v2\/posts\/146\/revisions\/1349"}],"wp:featuredmedia":[{"embeddable":true,"href":"https:\/\/www.cirugiadehombroguadalajara.com\/blog\/wp-json\/wp\/v2\/media\/939"}],"wp:attachment":[{"href":"https:\/\/www.cirugiadehombroguadalajara.com\/blog\/wp-json\/wp\/v2\/media?parent=146"}],"wp:term":[{"taxonomy":"category","embeddable":true,"href":"https:\/\/www.cirugiadehombroguadalajara.com\/blog\/wp-json\/wp\/v2\/categories?post=146"},{"taxonomy":"post_tag","embeddable":true,"href":"https:\/\/www.cirugiadehombroguadalajara.com\/blog\/wp-json\/wp\/v2\/tags?post=146"}],"curies":[{"name":"wp","href":"https:\/\/api.w.org\/{rel}","templated":true}]}}