{"id":159,"date":"2018-09-03T22:33:15","date_gmt":"2018-09-03T22:33:15","guid":{"rendered":"https:\/\/www.cirugiadehombroguadalajara.com\/blog\/?p=159"},"modified":"2021-09-01T10:20:45","modified_gmt":"2021-09-01T16:20:45","slug":"traumatologia-en-guadalajara","status":"publish","type":"post","link":"https:\/\/www.cirugiadehombroguadalajara.com\/blog\/traumatologia-en-guadalajara\/","title":{"rendered":"Traumatolog\u00eda en Guadalajara"},"content":{"rendered":"<h1>Traumatolog\u00eda en Guadalajara<\/h1>\n<p><\/p>\n<p>Objetivo<br>Determinar si el espesor del ligamento transverso del carpo medido en el corte axial T2 en resonancia magn\u00e9tica influye realmente en la aparici\u00f3n del s\u00edndrome del t\u00fanel carpiano.<\/p>\n<p>Material y m\u00e9todo<br>Se realiz\u00f3 resonancia magn\u00e9tica de la regi\u00f3n de la mu\u00f1eca a 94 pacientes entre enero del 2015 y junio del 2016, de los cuales 28 presentaban s\u00edndrome del t\u00fanel carpiano, 37 con molestias en diferentes regiones del carpo, sin s\u00edntomas de t\u00fanel carpiano y 29 sujetos sanos. Dos observadores realizaron 3 medidas en 3 niveles diferentes y en los 3 grupos de pacientes <strong><em><a href=\"http:\/\/ortopedistaguadalajara.mx\/\" target=\"_blank\" rel=\"noopener\">Traumatolog\u00eda en Guadalajara<\/a><\/em><\/strong>.<\/p>\n<p>Resultados<br>No se evidenciaron diferencias estad\u00edsticamente significativas en las medidas del espesor del ligamento transverso del carpo entre el grupo de s\u00edndrome del t\u00fanel carpiano y el grupo sin afectaci\u00f3n del t\u00fanel, pero s\u00ed hubo diferencias estad\u00edsticas entre el grupo control y el grupo afecto de s\u00edndrome del t\u00fanel carpiano y entre grupo control y grupo sin afectaci\u00f3n del t\u00fanel carpiano. En estos dos grupos, el espesor del ligamento transverso fue mayor al grupo control.<\/p>\n<p>Discusi\u00f3n<br>En este estudio de&nbsp; <a href=\"http:\/\/ortopedistaguadalajara.mx\/\" target=\"_blank\" rel=\"noopener\"><strong><em>T<\/em><em><strong>rau<\/strong>matolog\u00eda en Guadalajara<\/em> <\/strong><\/a>se evidencia un aumento del ligamento transverso en sujetos con afectaci\u00f3n de s\u00edndrome del t\u00fanel carpiano como demuestran numerosos estudios de la literatura, pero no existe un factor causal determinado sino un conjunto de hechos que hacen posible la aparici\u00f3n de dicho s\u00edndrome en un determinado grupo de pacientes.<\/p>\n<p>Conclusi\u00f3n<br>El s\u00edndrome del t\u00fanel carpiano es multifactorial, sin intervenir directamente el espesor del ligamento trasverso en la aparici\u00f3n de los s\u00edntomas.<\/p>\n<h2><a href=\"http:\/\/ortopedistaguadalajara.mx\/\" target=\"_blank\" rel=\"noopener\"><strong><em>Traumatolog\u00eda en Guadalajara <\/em><\/strong><\/a><\/h2>\n\n\n<p><a href=\"https:\/\/www.cirugiadehombroguadalajara.com\/blog\/hospital-de-traumatologia-en-guadalajara\/\">Traumatolog\u00eda en Guadalajara<\/a><\/p>\n\n\n\n<figure class=\"wp-block-image size-large\"><img loading=\"lazy\" decoding=\"async\" width=\"1177\" height=\"434\" src=\"https:\/\/www.cirugiadehombroguadalajara.com\/blog\/wp-content\/uploads\/especialistas-en-columna-vertebral-guadalajara-m-31.jpg\" alt=\"Cirug\u00eda Ortop\u00e9dica De Columna\" class=\"wp-image-962\" title=\"\" srcset=\"https:\/\/www.cirugiadehombroguadalajara.com\/blog\/wp-content\/uploads\/especialistas-en-columna-vertebral-guadalajara-m-31.jpg 1177w, https:\/\/www.cirugiadehombroguadalajara.com\/blog\/wp-content\/uploads\/especialistas-en-columna-vertebral-guadalajara-m-31-980x361.jpg 980w, https:\/\/www.cirugiadehombroguadalajara.com\/blog\/wp-content\/uploads\/especialistas-en-columna-vertebral-guadalajara-m-31-480x177.jpg 480w\" sizes=\"(min-width: 0px) and (max-width: 480px) 480px, (min-width: 481px) and (max-width: 980px) 980px, (min-width: 981px) 1177px, 100vw\" \/><\/figure>\n\n\n\n<div class=\"wp-block-buttons is-layout-flex wp-block-buttons-is-layout-flex\">\n<div class=\"wp-block-button has-custom-width wp-block-button__width-100 has-custom-font-size is-style-fill has-medium-font-size\"><a class=\"wp-block-button__link has-white-color has-text-color has-background\" href=\"https:\/\/www.doctoralia.com.mx\/esteban-castro-contreras-2\/ortopedista-traumatologo\/tlajomulco-de-zuniga?utm_source=widget-doctor-63351&amp;utm_medium=certificate&amp;utm_campaign=&amp;utm_content=#highlight-calendar\" style=\"background-color:#00c3a5\" target=\"_blank\" rel=\"noreferrer noopener\"> Agenda una cita <\/a><\/div>\n\n\n\n<div class=\"wp-block-button has-custom-width wp-block-button__width-100 is-style-fill\"><a class=\"wp-block-button__link has-background\" href=\"https:\/\/www.cirugiadehombroguadalajara.com\/blog\" style=\"background-color:#0798bc\"> Conoce m\u00e1s <\/a><\/div>\n\n\n\n<div class=\"wp-block-button has-custom-width wp-block-button__width-50 is-style-outline is-style-outline--1\"><a class=\"wp-block-button__link has-text-color\" href=\"https:\/\/www.facebook.com\/Dr-Esteban-Castro-Contreras-Traumat%C3%B3logo-y-Ortopedista-121291695221565\/\" style=\"color:#0798bc\" target=\"_blank\" rel=\"noreferrer noopener\"> Facebook<\/a><\/div>\n\n\n\n<div class=\"wp-block-button has-custom-width wp-block-button__width-50 is-style-outline is-style-outline--2\"><a class=\"wp-block-button__link has-white-background-color has-text-color has-background\" href=\"https:\/\/www.instagram.com\/drestebancastrotrauma\/\" style=\"color:#0798bc\" target=\"_blank\" rel=\"noreferrer noopener\"> Instagram<\/a><\/div>\n<\/div>\n","protected":false},"excerpt":{"rendered":"<p>Traumatolog\u00eda en Guadalajara ObjetivoDeterminar si el espesor del ligamento transverso del carpo medido en el corte axial T2 en resonancia magn\u00e9tica influye realmente en la aparici\u00f3n del s\u00edndrome del t\u00fanel carpiano. Material y m\u00e9todoSe realiz\u00f3 resonancia magn\u00e9tica de la regi\u00f3n de la mu\u00f1eca a 94 pacientes entre enero del 2015 y junio del 2016, de [&hellip;]<\/p>\n","protected":false},"author":1,"featured_media":930,"comment_status":"open","ping_status":"open","sticky":false,"template":"","format":"standard","meta":{"_et_pb_use_builder":"","_et_pb_old_content":"","_et_gb_content_width":"","footnotes":""},"categories":[62,63],"tags":[59,58,54,55,52,53,60,61,72,57,56],"class_list":["post-159","post","type-post","status-publish","format-standard","has-post-thumbnail","hentry","category-ortopedia","category-traumatologia","tag-clinica-de-ortopedia","tag-hospital-de-traumatologia","tag-medico-ortopedista","tag-medico-traumatologo","tag-ortopedia","tag-ortopedia-guadalajara","tag-ortopedia-infantil","tag-ortopedia-pediatrica","tag-traumatologia-en-guadalajara","tag-traumatologia-y-ortopedia","tag-traumatologo-en-guadalajara"],"_links":{"self":[{"href":"https:\/\/www.cirugiadehombroguadalajara.com\/blog\/wp-json\/wp\/v2\/posts\/159","targetHints":{"allow":["GET"]}}],"collection":[{"href":"https:\/\/www.cirugiadehombroguadalajara.com\/blog\/wp-json\/wp\/v2\/posts"}],"about":[{"href":"https:\/\/www.cirugiadehombroguadalajara.com\/blog\/wp-json\/wp\/v2\/types\/post"}],"author":[{"embeddable":true,"href":"https:\/\/www.cirugiadehombroguadalajara.com\/blog\/wp-json\/wp\/v2\/users\/1"}],"replies":[{"embeddable":true,"href":"https:\/\/www.cirugiadehombroguadalajara.com\/blog\/wp-json\/wp\/v2\/comments?post=159"}],"version-history":[{"count":4,"href":"https:\/\/www.cirugiadehombroguadalajara.com\/blog\/wp-json\/wp\/v2\/posts\/159\/revisions"}],"predecessor-version":[{"id":1345,"href":"https:\/\/www.cirugiadehombroguadalajara.com\/blog\/wp-json\/wp\/v2\/posts\/159\/revisions\/1345"}],"wp:featuredmedia":[{"embeddable":true,"href":"https:\/\/www.cirugiadehombroguadalajara.com\/blog\/wp-json\/wp\/v2\/media\/930"}],"wp:attachment":[{"href":"https:\/\/www.cirugiadehombroguadalajara.com\/blog\/wp-json\/wp\/v2\/media?parent=159"}],"wp:term":[{"taxonomy":"category","embeddable":true,"href":"https:\/\/www.cirugiadehombroguadalajara.com\/blog\/wp-json\/wp\/v2\/categories?post=159"},{"taxonomy":"post_tag","embeddable":true,"href":"https:\/\/www.cirugiadehombroguadalajara.com\/blog\/wp-json\/wp\/v2\/tags?post=159"}],"curies":[{"name":"wp","href":"https:\/\/api.w.org\/{rel}","templated":true}]}}