{"id":172,"date":"2018-09-06T17:31:02","date_gmt":"2018-09-06T17:31:02","guid":{"rendered":"https:\/\/www.cirugiadehombroguadalajara.com\/blog\/?p=172"},"modified":"2021-09-01T10:19:23","modified_gmt":"2021-09-01T16:19:23","slug":"cirugia-artroscopica-en-zapopan","status":"publish","type":"post","link":"https:\/\/www.cirugiadehombroguadalajara.com\/blog\/cirugia-artroscopica-en-zapopan\/","title":{"rendered":"Cirug\u00eda artrosc\u00f3pica en Zapopan"},"content":{"rendered":"<h1>Cirug\u00eda artrosc\u00f3pica en Zapopan<\/h1>\n<p><span class=\"elsevierStyleSection elsevierViewall\"><span id=\"sect0010\" class=\"elsevierStyleSectionTitle\">Objetivo<\/span><\/span><\/p>\n<p id=\"spar0005\" class=\"elsevierStyleSimplePara elsevierViewall\">Analizar los resultados de la reparaci\u00f3n artrosc\u00f3pica de la luxaci\u00f3n acromioclavicular en t\u00e9rminos de calidad de vida percibida.<\/p>\n<p><span id=\"abst0005\" class=\"elsevierStyleSection elsevierViewall\"><\/span><span class=\"elsevierStyleSection elsevierViewall\"><span id=\"sect0015\" class=\"elsevierStyleSectionTitle\">Material y m\u00e9todo<\/span><\/span><\/p>\n<p id=\"spar0010\" class=\"elsevierStyleSimplePara elsevierViewall\">Estudio prospectivo de pacientes con luxaci\u00f3n acromioclavicular grados&nbsp;<span class=\"elsevierStyleSmallCaps\">iii<\/span>&#8211;<span class=\"elsevierStyleSmallCaps\">v<\/span>de Rockwood, tratados artrosc\u00f3picamente con un seguimiento medio de 25,4 meses. Se registraron los datos demogr\u00e1ficos de la serie y se realizaron evaluaciones antes de la cirug\u00eda, a los 3 meses y a los 2 a\u00f1os con los cuestionarios validados&nbsp;<span class=\"elsevierStyleItalic\">Short Form-36 Health Survey<\/span>&nbsp;(SF-36), escala visual anal\u00f3gica (EVA),&nbsp;<span class=\"elsevierStyleItalic\">The Disabilities of the Arm, Shoulder and Hand<\/span>&nbsp;(DASH),&nbsp;<span class=\"elsevierStyleItalic\">Constant-Murley Shoulder Outcome Score<\/span>&nbsp;(Constant) y&nbsp;<span class=\"elsevierStyleItalic\">Walch-Duplay Score<\/span>&nbsp;(WD)<strong><em><a href=\"http:\/\/ortopedistaguadalajara.mx\/\" target=\"_blank\" rel=\"noopener\">Cirug\u00eda artrosc\u00f3pica en Zapopan<\/a>&nbsp;<\/em><\/strong>.<\/p>\n<p><span id=\"abst0010\" class=\"elsevierStyleSection elsevierViewall\"><\/span><span class=\"elsevierStyleSection elsevierViewall\"><span id=\"sect0020\" class=\"elsevierStyleSectionTitle\">Resultados<\/span><\/span><\/p>\n<p id=\"spar0015\" class=\"elsevierStyleSimplePara elsevierViewall\">Se analizaron 20 pacientes, 17 hombres y 3 mujeres, con una edad media de 36,1 a\u00f1os. Seg\u00fan la clasificaci\u00f3n de Rockwood, 3 pacientes fueron grado&nbsp;<span class=\"elsevierStyleSmallCaps\">iii<\/span>, 3 grado&nbsp;<span class=\"elsevierStyleSmallCaps\">iv<\/span>&nbsp;y 14 grado&nbsp;<span class=\"elsevierStyleSmallCaps\">v<\/span>. Se objetiv\u00f3 mejor\u00eda tanto funcional como cl\u00ednica en todos los test cl\u00ednicos analizados (SF-36, EVA y DASH) tanto a los 3 meses como a los 2 a\u00f1os (p&lt;0,001). El valor final del test de Constant fue de 95,3\u00b12,4 y el WD medio fue de 1,8\u00b10,62. No se encontr\u00f3 que la calidad de vida percibida se viera afectada por ninguna variable a estudio, excepto por la evoluci\u00f3n del DASH.<\/p>\n<p><span id=\"abst0015\" class=\"elsevierStyleSection elsevierViewall\"><\/span><span class=\"elsevierStyleSection elsevierViewall\"><span id=\"sect0025\" class=\"elsevierStyleSectionTitle\">Conclusiones<\/span><\/span><\/p>\n<p id=\"spar0020\" class=\"elsevierStyleSimplePara elsevierViewall\">La calidad de vida percibida (valorada mediante el SF-36) en pacientes intervenidos artrosc\u00f3picamente de luxaci\u00f3n acromioclavicular grados&nbsp;<span class=\"elsevierStyleSmallCaps\">iii<\/span>&#8211;<span class=\"elsevierStyleSmallCaps\">v<\/span>&nbsp;no se ve influida por el sexo, la edad, el grado, el desplazamiento, la lateralidad, la evoluci\u00f3n de la EVA, la puntuaci\u00f3n del Constant ni por el WD. S\u00ed se correlaciona con la evoluci\u00f3n en el DASH.<\/p>\n<h2><a href=\"http:\/\/ortopedistaguadalajara.mx\/\" target=\"_blank\" rel=\"noopener\"><em><strong>Cirug\u00eda artrosc\u00f3pica en Zapopan <\/strong><\/em><\/a><\/h2>\n\n\n<figure class=\"wp-block-image size-large\"><img loading=\"lazy\" decoding=\"async\" width=\"1177\" height=\"434\" src=\"https:\/\/www.cirugiadehombroguadalajara.com\/blog\/wp-content\/uploads\/dis_ac_j.jpg\" alt=\"Cirug\u00eda artrosc\u00f3pica en Zapopan\" class=\"wp-image-921\" title=\"\" srcset=\"https:\/\/www.cirugiadehombroguadalajara.com\/blog\/wp-content\/uploads\/dis_ac_j.jpg 1177w, https:\/\/www.cirugiadehombroguadalajara.com\/blog\/wp-content\/uploads\/dis_ac_j-980x361.jpg 980w, https:\/\/www.cirugiadehombroguadalajara.com\/blog\/wp-content\/uploads\/dis_ac_j-480x177.jpg 480w\" sizes=\"(min-width: 0px) and (max-width: 480px) 480px, (min-width: 481px) and (max-width: 980px) 980px, (min-width: 981px) 1177px, 100vw\" \/><\/figure>\n\n\n\n<div class=\"wp-block-buttons is-layout-flex wp-block-buttons-is-layout-flex\">\n<div class=\"wp-block-button has-custom-width wp-block-button__width-100 has-custom-font-size is-style-fill has-medium-font-size\"><a class=\"wp-block-button__link has-white-color has-text-color has-background\" href=\"https:\/\/www.doctoralia.com.mx\/esteban-castro-contreras-2\/ortopedista-traumatologo\/tlajomulco-de-zuniga?utm_source=widget-doctor-63351&amp;utm_medium=certificate&amp;utm_campaign=&amp;utm_content=#highlight-calendar\" style=\"background-color:#00c3a5\" target=\"_blank\" rel=\"noreferrer noopener\"> Agenda una cita <\/a><\/div>\n\n\n\n<div class=\"wp-block-button has-custom-width wp-block-button__width-100 is-style-fill\"><a class=\"wp-block-button__link has-background\" href=\"https:\/\/www.cirugiadehombroguadalajara.com\/blog\" style=\"background-color:#0798bc\"> Conoce m\u00e1s <\/a><\/div>\n\n\n\n<div class=\"wp-block-button has-custom-width wp-block-button__width-50 is-style-outline is-style-outline--1\"><a class=\"wp-block-button__link has-text-color\" href=\"https:\/\/www.facebook.com\/Dr-Esteban-Castro-Contreras-Traumat%C3%B3logo-y-Ortopedista-121291695221565\/\" style=\"color:#0798bc\" target=\"_blank\" rel=\"noreferrer noopener\"> Facebook<\/a><\/div>\n\n\n\n<div class=\"wp-block-button has-custom-width wp-block-button__width-50 is-style-outline is-style-outline--2\"><a class=\"wp-block-button__link has-white-background-color has-text-color has-background\" href=\"https:\/\/www.instagram.com\/drestebancastrotrauma\/\" style=\"color:#0798bc\" target=\"_blank\" rel=\"noreferrer noopener\"> Instagram<\/a><\/div>\n<\/div>\n","protected":false},"excerpt":{"rendered":"<p>Cirug\u00eda artrosc\u00f3pica en Zapopan Objetivo Analizar los resultados de la reparaci\u00f3n artrosc\u00f3pica de la luxaci\u00f3n acromioclavicular en t\u00e9rminos de calidad de vida percibida. Material y m\u00e9todo Estudio prospectivo de pacientes con luxaci\u00f3n acromioclavicular grados&nbsp;iii&#8211;vde Rockwood, tratados artrosc\u00f3picamente con un seguimiento medio de 25,4 meses. Se registraron los datos demogr\u00e1ficos de la serie y se realizaron [&hellip;]<\/p>\n","protected":false},"author":1,"featured_media":921,"comment_status":"open","ping_status":"open","sticky":false,"template":"","format":"standard","meta":{"_et_pb_use_builder":"","_et_pb_old_content":"","_et_gb_content_width":"","footnotes":""},"categories":[75,50,62,63],"tags":[59,58,76,54,55,52,53,60,61,57,56],"class_list":["post-172","post","type-post","status-publish","format-standard","has-post-thumbnail","hentry","category-cirugia-artroscopica","category-cirugia-ortopedica","category-ortopedia","category-traumatologia","tag-clinica-de-ortopedia","tag-hospital-de-traumatologia","tag-luxaciones-acromioclaviculares","tag-medico-ortopedista","tag-medico-traumatologo","tag-ortopedia","tag-ortopedia-guadalajara","tag-ortopedia-infantil","tag-ortopedia-pediatrica","tag-traumatologia-y-ortopedia","tag-traumatologo-en-guadalajara"],"_links":{"self":[{"href":"https:\/\/www.cirugiadehombroguadalajara.com\/blog\/wp-json\/wp\/v2\/posts\/172","targetHints":{"allow":["GET"]}}],"collection":[{"href":"https:\/\/www.cirugiadehombroguadalajara.com\/blog\/wp-json\/wp\/v2\/posts"}],"about":[{"href":"https:\/\/www.cirugiadehombroguadalajara.com\/blog\/wp-json\/wp\/v2\/types\/post"}],"author":[{"embeddable":true,"href":"https:\/\/www.cirugiadehombroguadalajara.com\/blog\/wp-json\/wp\/v2\/users\/1"}],"replies":[{"embeddable":true,"href":"https:\/\/www.cirugiadehombroguadalajara.com\/blog\/wp-json\/wp\/v2\/comments?post=172"}],"version-history":[{"count":7,"href":"https:\/\/www.cirugiadehombroguadalajara.com\/blog\/wp-json\/wp\/v2\/posts\/172\/revisions"}],"predecessor-version":[{"id":1337,"href":"https:\/\/www.cirugiadehombroguadalajara.com\/blog\/wp-json\/wp\/v2\/posts\/172\/revisions\/1337"}],"wp:featuredmedia":[{"embeddable":true,"href":"https:\/\/www.cirugiadehombroguadalajara.com\/blog\/wp-json\/wp\/v2\/media\/921"}],"wp:attachment":[{"href":"https:\/\/www.cirugiadehombroguadalajara.com\/blog\/wp-json\/wp\/v2\/media?parent=172"}],"wp:term":[{"taxonomy":"category","embeddable":true,"href":"https:\/\/www.cirugiadehombroguadalajara.com\/blog\/wp-json\/wp\/v2\/categories?post=172"},{"taxonomy":"post_tag","embeddable":true,"href":"https:\/\/www.cirugiadehombroguadalajara.com\/blog\/wp-json\/wp\/v2\/tags?post=172"}],"curies":[{"name":"wp","href":"https:\/\/api.w.org\/{rel}","templated":true}]}}