{"id":215,"date":"2018-09-25T18:11:01","date_gmt":"2018-09-25T18:11:01","guid":{"rendered":"https:\/\/www.cirugiadehombroguadalajara.com\/blog\/?p=215"},"modified":"2021-09-01T10:11:56","modified_gmt":"2021-09-01T16:11:56","slug":"clinica-de-ortopedia-en-zapopan","status":"publish","type":"post","link":"https:\/\/www.cirugiadehombroguadalajara.com\/blog\/clinica-de-ortopedia-en-zapopan\/","title":{"rendered":"Cl\u00ednica de ortopedia en Zapopan"},"content":{"rendered":"<h1>Cl\u00ednica de ortopedia en Zapopan<\/h1>\n<p><span class=\"elsevierStyleSection elsevierViewall\"><span id=\"sect0010\" class=\"elsevierStyleSectionTitle\">Objetivo<\/span><\/span><\/p>\n<p id=\"spar0005\" class=\"elsevierStyleSimplePara elsevierViewall\">Valorar el resultado radiol\u00f3gico y funcional de la artrodesis de la articulaci\u00f3n IFP del 4.\u00b0 o 5.\u00b0 dedo de la mano mediante el sistema intramedular de tornillos entrelazados a compresi\u00f3n APEX\u2122 (Extremity Medical, Parsippany, NJ) en pacientes afectos de recidiva grave de la enfermedad de Dupuytren.<\/p>\n<p><span id=\"abst0005\" class=\"elsevierStyleSection elsevierViewall\"><\/span><span class=\"elsevierStyleSection elsevierViewall\"><span id=\"sect0015\" class=\"elsevierStyleSectionTitle\">Material y m\u00e9todo<\/span><\/span><\/p>\n<p id=\"spar0010\" class=\"elsevierStyleSimplePara elsevierViewall\">Los resultados cl\u00ednicos se valoraron mediante el cuestionario DASH y la escala EVA. En las radiograf\u00edas se evalu\u00f3 el \u00e1ngulo de artrodesis, el tiempo de fusi\u00f3n \u00f3sea y la fijaci\u00f3n del implante. Se observ\u00f3 cualquier complicaci\u00f3n encontrada durante la cirug\u00eda o en el periodo de seguimiento.<\/p>\n<p><span id=\"abst0010\" class=\"elsevierStyleSection elsevierViewall\"><\/span><span class=\"elsevierStyleSection elsevierViewall\"><span id=\"sect0020\" class=\"elsevierStyleSectionTitle\">Resultados<\/span><\/span><\/p>\n<p id=\"spar0015\" class=\"elsevierStyleSimplePara elsevierViewall\">La muestra estuvo representada por 6 pacientes. El seguimiento medio fue de 19,6 meses. Todos presentaron evidencia cl\u00ednica y radiol\u00f3gica de fusi\u00f3n en 8 semanas, con un \u00e1ngulo de fusi\u00f3n de 30\u00b0 (3) y 45\u00b0 (3). No se presentaron complicaciones y no se tuvo que retirar ning\u00fan implante. Los resultados funcionales en este tipo de pacientes fueron pobres <a href=\"http:\/\/ortopedistaguadalajara.mx\/\" target=\"_blank\" rel=\"noopener\"><strong><em>Cl\u00ednica de ortopedia en Zapopan<\/em><\/strong><\/a>.<\/p>\n<p><span id=\"abst0015\" class=\"elsevierStyleSection elsevierViewall\"><\/span><span class=\"elsevierStyleSection elsevierViewall\"><span id=\"sect0025\" class=\"elsevierStyleSectionTitle\">Conclusi\u00f3n<\/span><\/span><\/p>\n<p id=\"spar0020\" class=\"elsevierStyleSimplePara elsevierViewall\">El sistema proporciona un m\u00e9todo fiable para la artrodesis de la IFP en un \u00e1ngulo preciso. Promueve una fijaci\u00f3n estable que no requiere inmovilizaci\u00f3n prolongada. Puede usarse junto con otros procedimientos en la mano afecta por recidiva grave de ED. Los resultados funcionales con el uso de este dispositivo en este grupo de pacientes fueron pobres.<\/p>\n<h2><strong><em>Cl\u00ednica de ortopedia en Zapopan <\/em><\/strong><\/h2>\n\n\n<figure class=\"wp-block-image size-large\"><img loading=\"lazy\" decoding=\"async\" width=\"1177\" height=\"434\" src=\"https:\/\/www.cirugiadehombroguadalajara.com\/blog\/wp-content\/uploads\/lesiones-de-hombro-phisiup.jpg\" alt=\"Lesiones en el hombro\" class=\"wp-image-969\" title=\"\" srcset=\"https:\/\/www.cirugiadehombroguadalajara.com\/blog\/wp-content\/uploads\/lesiones-de-hombro-phisiup.jpg 1177w, https:\/\/www.cirugiadehombroguadalajara.com\/blog\/wp-content\/uploads\/lesiones-de-hombro-phisiup-980x361.jpg 980w, https:\/\/www.cirugiadehombroguadalajara.com\/blog\/wp-content\/uploads\/lesiones-de-hombro-phisiup-480x177.jpg 480w\" sizes=\"(min-width: 0px) and (max-width: 480px) 480px, (min-width: 481px) and (max-width: 980px) 980px, (min-width: 981px) 1177px, 100vw\" \/><\/figure>\n\n\n\n<div class=\"wp-block-buttons is-layout-flex wp-block-buttons-is-layout-flex\">\n<div class=\"wp-block-button has-custom-width wp-block-button__width-100 has-custom-font-size is-style-fill has-medium-font-size\"><a class=\"wp-block-button__link has-white-color has-text-color has-background\" href=\"https:\/\/www.doctoralia.com.mx\/esteban-castro-contreras-2\/ortopedista-traumatologo\/tlajomulco-de-zuniga?utm_source=widget-doctor-63351&amp;utm_medium=certificate&amp;utm_campaign=&amp;utm_content=#highlight-calendar\" style=\"background-color:#00c3a5\" target=\"_blank\" rel=\"noreferrer noopener\"> Agenda una cita <\/a><\/div>\n\n\n\n<div class=\"wp-block-button has-custom-width wp-block-button__width-100 is-style-fill\"><a class=\"wp-block-button__link has-background\" href=\"https:\/\/www.cirugiadehombroguadalajara.com\/blog\" style=\"background-color:#0798bc\"> Conoce m\u00e1s <\/a><\/div>\n\n\n\n<div class=\"wp-block-button has-custom-width wp-block-button__width-50 is-style-outline is-style-outline--1\"><a class=\"wp-block-button__link has-text-color\" href=\"https:\/\/www.facebook.com\/Dr-Esteban-Castro-Contreras-Traumat%C3%B3logo-y-Ortopedista-121291695221565\/\" style=\"color:#0798bc\" target=\"_blank\" rel=\"noreferrer noopener\"> Facebook<\/a><\/div>\n\n\n\n<div class=\"wp-block-button has-custom-width wp-block-button__width-50 is-style-outline is-style-outline--2\"><a class=\"wp-block-button__link has-white-background-color has-text-color has-background\" href=\"https:\/\/www.instagram.com\/drestebancastrotrauma\/\" style=\"color:#0798bc\" target=\"_blank\" rel=\"noreferrer noopener\"> Instagram<\/a><\/div>\n<\/div>\n","protected":false},"excerpt":{"rendered":"<p>Cl\u00ednica de ortopedia en Zapopan Objetivo Valorar el resultado radiol\u00f3gico y funcional de la artrodesis de la articulaci\u00f3n IFP del 4.\u00b0 o 5.\u00b0 dedo de la mano mediante el sistema intramedular de tornillos entrelazados a compresi\u00f3n APEX\u2122 (Extremity Medical, Parsippany, NJ) en pacientes afectos de recidiva grave de la enfermedad de Dupuytren. Material y m\u00e9todo [&hellip;]<\/p>\n","protected":false},"author":1,"featured_media":896,"comment_status":"open","ping_status":"open","sticky":false,"template":"","format":"standard","meta":{"_et_pb_use_builder":"","_et_pb_old_content":"","_et_gb_content_width":"","footnotes":""},"categories":[75,50,82,62,63],"tags":[59,87,58,54,55,52,53,60,61,57,56],"class_list":["post-215","post","type-post","status-publish","format-standard","has-post-thumbnail","hentry","category-cirugia-artroscopica","category-cirugia-ortopedica","category-cirugia-ortopedica-general","category-ortopedia","category-traumatologia","tag-clinica-de-ortopedia","tag-clinica-de-ortopedia-en-zapopan","tag-hospital-de-traumatologia","tag-medico-ortopedista","tag-medico-traumatologo","tag-ortopedia","tag-ortopedia-guadalajara","tag-ortopedia-infantil","tag-ortopedia-pediatrica","tag-traumatologia-y-ortopedia","tag-traumatologo-en-guadalajara"],"_links":{"self":[{"href":"https:\/\/www.cirugiadehombroguadalajara.com\/blog\/wp-json\/wp\/v2\/posts\/215","targetHints":{"allow":["GET"]}}],"collection":[{"href":"https:\/\/www.cirugiadehombroguadalajara.com\/blog\/wp-json\/wp\/v2\/posts"}],"about":[{"href":"https:\/\/www.cirugiadehombroguadalajara.com\/blog\/wp-json\/wp\/v2\/types\/post"}],"author":[{"embeddable":true,"href":"https:\/\/www.cirugiadehombroguadalajara.com\/blog\/wp-json\/wp\/v2\/users\/1"}],"replies":[{"embeddable":true,"href":"https:\/\/www.cirugiadehombroguadalajara.com\/blog\/wp-json\/wp\/v2\/comments?post=215"}],"version-history":[{"count":4,"href":"https:\/\/www.cirugiadehombroguadalajara.com\/blog\/wp-json\/wp\/v2\/posts\/215\/revisions"}],"predecessor-version":[{"id":1315,"href":"https:\/\/www.cirugiadehombroguadalajara.com\/blog\/wp-json\/wp\/v2\/posts\/215\/revisions\/1315"}],"wp:featuredmedia":[{"embeddable":true,"href":"https:\/\/www.cirugiadehombroguadalajara.com\/blog\/wp-json\/wp\/v2\/media\/896"}],"wp:attachment":[{"href":"https:\/\/www.cirugiadehombroguadalajara.com\/blog\/wp-json\/wp\/v2\/media?parent=215"}],"wp:term":[{"taxonomy":"category","embeddable":true,"href":"https:\/\/www.cirugiadehombroguadalajara.com\/blog\/wp-json\/wp\/v2\/categories?post=215"},{"taxonomy":"post_tag","embeddable":true,"href":"https:\/\/www.cirugiadehombroguadalajara.com\/blog\/wp-json\/wp\/v2\/tags?post=215"}],"curies":[{"name":"wp","href":"https:\/\/api.w.org\/{rel}","templated":true}]}}