{"id":218,"date":"2018-09-26T16:00:05","date_gmt":"2018-09-26T16:00:05","guid":{"rendered":"https:\/\/www.cirugiadehombroguadalajara.com\/blog\/?p=218"},"modified":"2021-09-01T10:11:22","modified_gmt":"2021-09-01T16:11:22","slug":"hospital-de-traumatologia-en-guadalajara","status":"publish","type":"post","link":"https:\/\/www.cirugiadehombroguadalajara.com\/blog\/hospital-de-traumatologia-en-guadalajara\/","title":{"rendered":"Hospital de traumatologia en Guadalajara"},"content":{"rendered":"<h1>Hospital de traumatologia en Guadalajara<\/h1>\n<p><span class=\"elsevierStyleSection elsevierViewall\"><span id=\"sect0010\" class=\"elsevierStyleSectionTitle\">Introducci\u00f3n<\/span><\/span><\/p>\n<p id=\"spar0005\" class=\"elsevierStyleSimplePara elsevierViewall\">Hay una proporci\u00f3n de pacientes con fractura de cadera que tienen una fractura de miembro superior concomitante. Queremos conocer si estos pacientes muestran un peor nivel funcional y si presentan diferencias en distintos par\u00e1metros cl\u00ednicos en el <strong><em><a href=\"http:\/\/ortopedistaguadalajara.mx\/\" target=\"_blank\" rel=\"noopener\">Hospital de traumatologia en Guadalajara<\/a>&nbsp;<\/em><\/strong>con respecto a los que tienen una fractura aislada de cadera.<\/p>\n<p><span id=\"abst0005\" class=\"elsevierStyleSection elsevierViewall\"><\/span><span class=\"elsevierStyleSection elsevierViewall\"><span id=\"sect0015\" class=\"elsevierStyleSectionTitle\">Material y m\u00e9todos<\/span><\/span><\/p>\n<p id=\"spar0010\" class=\"elsevierStyleSimplePara elsevierViewall\">Se han revisado retrospectivamente 1.061 informes de alta de la Unidad de Ortogeriatr\u00eda del H. U. La Paz de Madrid. Se recopil\u00f3 informaci\u00f3n sobre distintos par\u00e1metros cl\u00ednicos de las fracturas presentadas. Posteriormente se compar\u00f3 el grupo de fractura asociada con el de fractura aislada mediante un an\u00e1lisis estad\u00edstico.<\/p>\n<p><span id=\"abst0010\" class=\"elsevierStyleSection elsevierViewall\"><\/span><span class=\"elsevierStyleSection elsevierViewall\"><span id=\"sect0020\" class=\"elsevierStyleSectionTitle\">Resultados<\/span><\/span><\/p>\n<p id=\"spar0015\" class=\"elsevierStyleSimplePara elsevierViewall\">Se detectaron 44 pacientes con una fractura de miembro superior asociada, el 90,9% fueron mujeres (40) y la media de edad fue de 84,45a\u00f1os. El 81,8% de las fracturas de miembro superior fueron de radio distal o de h\u00famero proximal. La demora quir\u00fargica fue de 2,60d\u00edas y la estancia media hospitalaria, de 12,30d\u00edas. El 64,3% fueron intervenciones con clavo-tornillo y el 31%, <a href=\"http:\/\/ortopedistaguadalajara.mx\/\" target=\"_blank\" rel=\"noopener\"><strong><em>artroplastias<\/em><\/strong><\/a>. La media del \u00edndice de Barthel fue de 84,88 (p=0,021). El 52,5% de los pacientes del grupo a estudio fueron derivados a un centro de apoyo funcional (p=0,03). La mortalidad global intrahospitalaria fue del 4,2%, sin diferencias entre los grupos.<\/p>\n<p><span id=\"abst0015\" class=\"elsevierStyleSection elsevierViewall\"><\/span><span class=\"elsevierStyleSection elsevierViewall\"><span id=\"sect0025\" class=\"elsevierStyleSectionTitle\">Conclusiones<\/span><\/span><\/p>\n<p id=\"spar0020\" class=\"elsevierStyleSimplePara elsevierViewall\">Los pacientes que presentan una fractura asociada tienen mayor capacidad funcional previa y son m\u00e1s independientes. Tras la fractura necesitan una mayor ayuda por parte del sistema sanitario para su \u00f3ptima recuperaci\u00f3n funcional en<a href=\"http:\/\/ortopedistaguadalajara.mx\/\" target=\"_blank\" rel=\"noopener\"> <strong><em>Hospital de traumatologia en Guadalajara<\/em><\/strong>.<\/a><\/p>\n<h2><a href=\"http:\/\/ortopedistaguadalajara.mx\/\" target=\"_blank\" rel=\"noopener\"><strong><em>Hospital de traumatologia en Guadalajara <\/em><\/strong><\/a><\/h2>\n\n\n<figure class=\"wp-block-image size-large\"><img loading=\"lazy\" decoding=\"async\" width=\"1177\" height=\"434\" src=\"https:\/\/www.cirugiadehombroguadalajara.com\/blog\/wp-content\/uploads\/21755.jpg\" alt=\"Cirug\u00eda de hombro en Zapopan\" class=\"wp-image-936\" title=\"\" srcset=\"https:\/\/www.cirugiadehombroguadalajara.com\/blog\/wp-content\/uploads\/21755.jpg 1177w, https:\/\/www.cirugiadehombroguadalajara.com\/blog\/wp-content\/uploads\/21755-980x361.jpg 980w, https:\/\/www.cirugiadehombroguadalajara.com\/blog\/wp-content\/uploads\/21755-480x177.jpg 480w\" sizes=\"(min-width: 0px) and (max-width: 480px) 480px, (min-width: 481px) and (max-width: 980px) 980px, (min-width: 981px) 1177px, 100vw\" \/><\/figure>\n\n\n\n<div class=\"wp-block-buttons is-layout-flex wp-block-buttons-is-layout-flex\">\n<div class=\"wp-block-button has-custom-width wp-block-button__width-100 has-custom-font-size is-style-fill has-medium-font-size\"><a class=\"wp-block-button__link has-white-color has-text-color has-background\" href=\"https:\/\/www.doctoralia.com.mx\/esteban-castro-contreras-2\/ortopedista-traumatologo\/tlajomulco-de-zuniga?utm_source=widget-doctor-63351&amp;utm_medium=certificate&amp;utm_campaign=&amp;utm_content=#highlight-calendar\" style=\"background-color:#00c3a5\" target=\"_blank\" rel=\"noreferrer noopener\"> Agenda una cita <\/a><\/div>\n\n\n\n<div class=\"wp-block-button has-custom-width wp-block-button__width-100 is-style-fill\"><a class=\"wp-block-button__link has-background\" href=\"https:\/\/www.cirugiadehombroguadalajara.com\/blog\" style=\"background-color:#0798bc\"> Conoce m\u00e1s <\/a><\/div>\n\n\n\n<div class=\"wp-block-button has-custom-width wp-block-button__width-50 is-style-outline is-style-outline--1\"><a class=\"wp-block-button__link has-text-color\" href=\"https:\/\/www.facebook.com\/Dr-Esteban-Castro-Contreras-Traumat%C3%B3logo-y-Ortopedista-121291695221565\/\" style=\"color:#0798bc\" target=\"_blank\" rel=\"noreferrer noopener\"> Facebook<\/a><\/div>\n\n\n\n<div class=\"wp-block-button has-custom-width wp-block-button__width-50 is-style-outline is-style-outline--2\"><a class=\"wp-block-button__link has-white-background-color has-text-color has-background\" href=\"https:\/\/www.instagram.com\/drestebancastrotrauma\/\" style=\"color:#0798bc\" target=\"_blank\" rel=\"noreferrer noopener\"> Instagram<\/a><\/div>\n<\/div>\n","protected":false},"excerpt":{"rendered":"<p>Hospital de traumatologia en Guadalajara Introducci\u00f3n Hay una proporci\u00f3n de pacientes con fractura de cadera que tienen una fractura de miembro superior concomitante. Queremos conocer si estos pacientes muestran un peor nivel funcional y si presentan diferencias en distintos par\u00e1metros cl\u00ednicos en el Hospital de traumatologia en Guadalajara&nbsp;con respecto a los que tienen una fractura [&hellip;]<\/p>\n","protected":false},"author":1,"featured_media":895,"comment_status":"open","ping_status":"open","sticky":false,"template":"","format":"standard","meta":{"_et_pb_use_builder":"","_et_pb_old_content":"","_et_gb_content_width":"","footnotes":""},"categories":[75,50,82,62,63],"tags":[59,58,88,54,55,52,53,60,61,57,56],"class_list":["post-218","post","type-post","status-publish","format-standard","has-post-thumbnail","hentry","category-cirugia-artroscopica","category-cirugia-ortopedica","category-cirugia-ortopedica-general","category-ortopedia","category-traumatologia","tag-clinica-de-ortopedia","tag-hospital-de-traumatologia","tag-hospital-de-traumatologia-en-guadalajara","tag-medico-ortopedista","tag-medico-traumatologo","tag-ortopedia","tag-ortopedia-guadalajara","tag-ortopedia-infantil","tag-ortopedia-pediatrica","tag-traumatologia-y-ortopedia","tag-traumatologo-en-guadalajara"],"_links":{"self":[{"href":"https:\/\/www.cirugiadehombroguadalajara.com\/blog\/wp-json\/wp\/v2\/posts\/218","targetHints":{"allow":["GET"]}}],"collection":[{"href":"https:\/\/www.cirugiadehombroguadalajara.com\/blog\/wp-json\/wp\/v2\/posts"}],"about":[{"href":"https:\/\/www.cirugiadehombroguadalajara.com\/blog\/wp-json\/wp\/v2\/types\/post"}],"author":[{"embeddable":true,"href":"https:\/\/www.cirugiadehombroguadalajara.com\/blog\/wp-json\/wp\/v2\/users\/1"}],"replies":[{"embeddable":true,"href":"https:\/\/www.cirugiadehombroguadalajara.com\/blog\/wp-json\/wp\/v2\/comments?post=218"}],"version-history":[{"count":5,"href":"https:\/\/www.cirugiadehombroguadalajara.com\/blog\/wp-json\/wp\/v2\/posts\/218\/revisions"}],"predecessor-version":[{"id":1313,"href":"https:\/\/www.cirugiadehombroguadalajara.com\/blog\/wp-json\/wp\/v2\/posts\/218\/revisions\/1313"}],"wp:featuredmedia":[{"embeddable":true,"href":"https:\/\/www.cirugiadehombroguadalajara.com\/blog\/wp-json\/wp\/v2\/media\/895"}],"wp:attachment":[{"href":"https:\/\/www.cirugiadehombroguadalajara.com\/blog\/wp-json\/wp\/v2\/media?parent=218"}],"wp:term":[{"taxonomy":"category","embeddable":true,"href":"https:\/\/www.cirugiadehombroguadalajara.com\/blog\/wp-json\/wp\/v2\/categories?post=218"},{"taxonomy":"post_tag","embeddable":true,"href":"https:\/\/www.cirugiadehombroguadalajara.com\/blog\/wp-json\/wp\/v2\/tags?post=218"}],"curies":[{"name":"wp","href":"https:\/\/api.w.org\/{rel}","templated":true}]}}