{"id":226,"date":"2018-09-27T17:18:23","date_gmt":"2018-09-27T17:18:23","guid":{"rendered":"https:\/\/www.cirugiadehombroguadalajara.com\/blog\/?p=226"},"modified":"2021-09-01T10:10:44","modified_gmt":"2021-09-01T16:10:44","slug":"ortopedia-infantil-en-zapopan","status":"publish","type":"post","link":"https:\/\/www.cirugiadehombroguadalajara.com\/blog\/ortopedia-infantil-en-zapopan\/","title":{"rendered":"Ortopedia infantil en Zapopan"},"content":{"rendered":"<h1>Ortopedia infantil en Zapopan<\/h1>\n<p>Antecedentes<br>Evaluamos los resultados radiogr\u00e1ficos y funcionales cl\u00ednicos de la fijaci\u00f3n del alambre K en el tratamiento del desplazamiento de fracturas de c\u00f3ndilo lateral del h\u00famero <a href=\"http:\/\/ortopedistaguadalajara.mx\/\" target=\"_blank\" rel=\"noopener\"><strong><em>Ortopedia infantil en Zapopan<\/em><\/strong><\/a>.<\/p>\n<p>Materiales y m\u00e9todos<br>Se realiz\u00f3 en nuestro hospital un estudio prospectivo longitudinal durante el periodo diciembre 2010-diciembre 2014, incluyendo a un total de 85 ni\u00f1os (18 ni\u00f1as y 67 ni\u00f1os) con una edad media de 7,76 a\u00f1os y un rango de 2-13 a\u00f1os con desplazamiento (&gt;2mm) del c\u00f3ndilo lateral del h\u00famero. Se trat\u00f3 a todos los pacientes con reducci\u00f3n cerrada y fijaci\u00f3n interna mediante 2 alambres K durante 3 semanas. Las fracturas se clasificaron con arreglo a los criterios de Milch y Badelon, y se evaluaron los resultados funcionales conforme a los criterios de Hardacre et al. El periodo de seguimiento medio fue de 24 meses (rango: 20-28 meses).<\/p>\n<p>Resultados<br>Se logr\u00f3 la uni\u00f3n en todos los ni\u00f1os en un tiempo medio de 3 semanas (rango: 2,5-6 semanas). Los resultados funcionales fueron excelentes en el 91,75% de los ni\u00f1os, y buenos en el 7,05% de ellos. Se logr\u00f3 el rango completo del movimiento del codo en todos los pacientes. Ninguno de los pacientes reflej\u00f3 inestabilidad postoperatoria. A nivel postoperatorio, el 5,88% de los ni\u00f1os padeci\u00f3 infecci\u00f3n del tracto del clavo, de manera superficial, que se resolvi\u00f3 tras la extracci\u00f3n del mismo y la administraci\u00f3n de antibi\u00f3ticos orales.<\/p>\n<p>Conclusi\u00f3n<br>La fijaci\u00f3n percut\u00e1nea del alambre K constituye un tratamiento efectivo para el desplazamiento de las fracturas de c\u00f3ndilo lateral del h\u00famero en ni\u00f1os. En casos en que el desplazamiento de la fractura tras reducci\u00f3n cerrada excediera de 2mm, se recomienda reducci\u00f3n abierta y fijaci\u00f3n interna <a href=\"http:\/\/ortopedistaguadalajara.mx\/\" target=\"_blank\" rel=\"noopener\"><strong><em>Ortopedia infantil en Zapopan<\/em><\/strong><\/a>.<\/p>\n<h2><em><strong>Ortopedia infantil en Zapopan <\/strong><\/em><\/h2>\n\n\n<figure class=\"wp-block-image size-large\"><img loading=\"lazy\" decoding=\"async\" width=\"1177\" height=\"434\" src=\"https:\/\/www.cirugiadehombroguadalajara.com\/blog\/wp-content\/uploads\/espalda-encorvada-t.jpg\" alt=\"Ortopedia infantil en Zapopan\" class=\"wp-image-891\" title=\"\" srcset=\"https:\/\/www.cirugiadehombroguadalajara.com\/blog\/wp-content\/uploads\/espalda-encorvada-t.jpg 1177w, https:\/\/www.cirugiadehombroguadalajara.com\/blog\/wp-content\/uploads\/espalda-encorvada-t-980x361.jpg 980w, https:\/\/www.cirugiadehombroguadalajara.com\/blog\/wp-content\/uploads\/espalda-encorvada-t-480x177.jpg 480w\" sizes=\"(min-width: 0px) and (max-width: 480px) 480px, (min-width: 481px) and (max-width: 980px) 980px, (min-width: 981px) 1177px, 100vw\" \/><\/figure>\n\n\n\n<div class=\"wp-block-buttons is-layout-flex wp-block-buttons-is-layout-flex\">\n<div class=\"wp-block-button has-custom-width wp-block-button__width-100 has-custom-font-size is-style-fill has-medium-font-size\"><a class=\"wp-block-button__link has-white-color has-text-color has-background\" href=\"https:\/\/www.doctoralia.com.mx\/esteban-castro-contreras-2\/ortopedista-traumatologo\/tlajomulco-de-zuniga?utm_source=widget-doctor-63351&amp;utm_medium=certificate&amp;utm_campaign=&amp;utm_content=#highlight-calendar\" style=\"background-color:#00c3a5\" target=\"_blank\" rel=\"noreferrer noopener\"> Agenda una cita <\/a><\/div>\n\n\n\n<div class=\"wp-block-button has-custom-width wp-block-button__width-100 is-style-fill\"><a class=\"wp-block-button__link has-background\" href=\"https:\/\/www.cirugiadehombroguadalajara.com\/blog\" style=\"background-color:#0798bc\"> Conoce m\u00e1s <\/a><\/div>\n\n\n\n<div class=\"wp-block-button has-custom-width wp-block-button__width-50 is-style-outline is-style-outline--1\"><a class=\"wp-block-button__link has-text-color\" href=\"https:\/\/www.facebook.com\/Dr-Esteban-Castro-Contreras-Traumat%C3%B3logo-y-Ortopedista-121291695221565\/\" style=\"color:#0798bc\" target=\"_blank\" rel=\"noreferrer noopener\"> Facebook<\/a><\/div>\n\n\n\n<div class=\"wp-block-button has-custom-width wp-block-button__width-50 is-style-outline is-style-outline--2\"><a class=\"wp-block-button__link has-white-background-color has-text-color has-background\" href=\"https:\/\/www.instagram.com\/drestebancastrotrauma\/\" style=\"color:#0798bc\" target=\"_blank\" rel=\"noreferrer noopener\"> Instagram<\/a><\/div>\n<\/div>\n","protected":false},"excerpt":{"rendered":"<p>Ortopedia infantil en Zapopan AntecedentesEvaluamos los resultados radiogr\u00e1ficos y funcionales cl\u00ednicos de la fijaci\u00f3n del alambre K en el tratamiento del desplazamiento de fracturas de c\u00f3ndilo lateral del h\u00famero Ortopedia infantil en Zapopan. Materiales y m\u00e9todosSe realiz\u00f3 en nuestro hospital un estudio prospectivo longitudinal durante el periodo diciembre 2010-diciembre 2014, incluyendo a un total de [&hellip;]<\/p>\n","protected":false},"author":1,"featured_media":891,"comment_status":"open","ping_status":"open","sticky":false,"template":"","format":"standard","meta":{"_et_pb_use_builder":"","_et_pb_old_content":"","_et_gb_content_width":"","footnotes":""},"categories":[75,29,62,77,63],"tags":[59,58,54,55,52,53,60,89,61,57,56],"class_list":["post-226","post","type-post","status-publish","format-standard","has-post-thumbnail","hentry","category-cirugia-artroscopica","category-lesiones-de-hombro","category-ortopedia","category-ortopedia-infantil","category-traumatologia","tag-clinica-de-ortopedia","tag-hospital-de-traumatologia","tag-medico-ortopedista","tag-medico-traumatologo","tag-ortopedia","tag-ortopedia-guadalajara","tag-ortopedia-infantil","tag-ortopedia-infantil-en-zapopan","tag-ortopedia-pediatrica","tag-traumatologia-y-ortopedia","tag-traumatologo-en-guadalajara"],"_links":{"self":[{"href":"https:\/\/www.cirugiadehombroguadalajara.com\/blog\/wp-json\/wp\/v2\/posts\/226","targetHints":{"allow":["GET"]}}],"collection":[{"href":"https:\/\/www.cirugiadehombroguadalajara.com\/blog\/wp-json\/wp\/v2\/posts"}],"about":[{"href":"https:\/\/www.cirugiadehombroguadalajara.com\/blog\/wp-json\/wp\/v2\/types\/post"}],"author":[{"embeddable":true,"href":"https:\/\/www.cirugiadehombroguadalajara.com\/blog\/wp-json\/wp\/v2\/users\/1"}],"replies":[{"embeddable":true,"href":"https:\/\/www.cirugiadehombroguadalajara.com\/blog\/wp-json\/wp\/v2\/comments?post=226"}],"version-history":[{"count":4,"href":"https:\/\/www.cirugiadehombroguadalajara.com\/blog\/wp-json\/wp\/v2\/posts\/226\/revisions"}],"predecessor-version":[{"id":1311,"href":"https:\/\/www.cirugiadehombroguadalajara.com\/blog\/wp-json\/wp\/v2\/posts\/226\/revisions\/1311"}],"wp:featuredmedia":[{"embeddable":true,"href":"https:\/\/www.cirugiadehombroguadalajara.com\/blog\/wp-json\/wp\/v2\/media\/891"}],"wp:attachment":[{"href":"https:\/\/www.cirugiadehombroguadalajara.com\/blog\/wp-json\/wp\/v2\/media?parent=226"}],"wp:term":[{"taxonomy":"category","embeddable":true,"href":"https:\/\/www.cirugiadehombroguadalajara.com\/blog\/wp-json\/wp\/v2\/categories?post=226"},{"taxonomy":"post_tag","embeddable":true,"href":"https:\/\/www.cirugiadehombroguadalajara.com\/blog\/wp-json\/wp\/v2\/tags?post=226"}],"curies":[{"name":"wp","href":"https:\/\/api.w.org\/{rel}","templated":true}]}}