{"id":274,"date":"2019-02-23T17:59:41","date_gmt":"2019-02-23T17:59:41","guid":{"rendered":"https:\/\/www.cirugiadehombroguadalajara.com\/blog\/?p=274"},"modified":"2021-09-01T10:07:06","modified_gmt":"2021-09-01T16:07:06","slug":"efectividad-y-seguridad-en-el-empleo-de-ondas-de-choque","status":"publish","type":"post","link":"https:\/\/www.cirugiadehombroguadalajara.com\/blog\/efectividad-y-seguridad-en-el-empleo-de-ondas-de-choque\/","title":{"rendered":"EFECTIVIDAD Y SEGURIDAD EN EL EMPLEO DE ONDAS DE CHOQUE"},"content":{"rendered":"<h1><span style=\"font-weight: 400;\">EFECTIVIDAD Y SEGURIDAD EN EL EMPLEO DE ONDAS DE CHOQUE<\/span><\/h1>\n<h3>EFECTIVIDAD Y SEGURIDAD EN EL EMPLEO DE ONDAS DE CHOQUE<\/h3>\n<p><span style=\"font-weight: 400;\">La <a href=\"https:\/\/www.cirugiadehombroguadalajara.com\/blog\/wp-admin\/post-new.php\"><strong>tendinopat\u00eda<\/strong><\/a> es definida como &nbsp;la enfermedad inflamatoria de una estructura tendinas, siendo esta posible de manera aguda, secundaria a un traumatismo o cr\u00f3nica, secundaria a una enfermedad (artritis auto inmune, degenerativa o metab\u00f3lica). <\/span><\/p>\n<p><span style=\"font-weight: 400;\">El uso de las <a href=\"https:\/\/www.cirugiadehombroguadalajara.com\/blog\/wp-admin\/post-new.php\"><strong>ondas de choque<\/strong><\/a> se remonta a 1980 cuando se usan para realizar la fragmentaci\u00f3n de litos (piedras) en el tracto urinario. <\/span><\/p>\n<p><span style=\"font-weight: 400;\">La forma en la cual se producen es a trav\u00e9s de la evaporaci\u00f3n por alto voltaje con producci\u00f3n de una onda s\u00f3nica al cual, en el aparato musculoesquel\u00e9tico, inducen una lesi\u00f3n controlada produciendo neovascularizaci\u00f3n a trav\u00e9s de la liberaci\u00f3n de factores de crecimiento como Factor de Crecimiento de Endotelio Vascular (VEGF por sus siglas en ingl\u00e9s), Sintetasa de Oxido Nitrico Endotelial (eNOS), entre otros. <\/span><\/p>\n<p><span style=\"font-weight: 400;\">Ha tenido m\u00faltiples aplicaciones en lesiones como <strong><a href=\"https:\/\/www.cirugiadehombroguadalajara.com\/blog\/wp-admin\/post-new.php\">Fascitis plantar<\/a><\/strong>, tenndinopat\u00edas en rodilla, <a href=\"https:\/\/www.cirugiadehombroguadalajara.com\/blog\/wp-admin\/post-new.php\"><strong>lesiones tendinosas<\/strong><\/a> en codo, hombro, entre otras, con excelente resultado cl\u00ednico. <\/span><\/p>\n<p><span style=\"font-weight: 400;\">En este estudio se ha demostrado que la terapia de <a href=\"https:\/\/www.cirugiadehombroguadalajara.com\/blog\/wp-admin\/post-new.php\"><strong>ondas de choque<\/strong><\/a> es una medida terap\u00e9utica segura, sin efectos secundarios que influye de manera positiva y a corto plazo en la disminuci\u00f3n de dolor y tolerancia al mismo, as\u00ed como en mejor calidad de vida de los pacientes que sufren<\/span><span style=\"font-weight: 400;\"><a href=\"https:\/\/www.cirugiadehombroguadalajara.com\/blog\/wp-admin\/post-new.php\"> <strong>tendinopat\u00edas de Manguito rotador, tend\u00f3n de Aquiles, Tendones de codo y Facitis plantar<\/strong><\/a> y puede llevarse a cabo en conjunto con otro tipo de terapias y tratamientos e inclusive ser un adyuvante importante en la recuperaci\u00f3n f\u00edsica post quir\u00fargica del paciente. &nbsp;<\/span><\/p>\n<p><span style=\"font-weight: 400;\">En caso de que usted presente una lesi\u00f3n como las antes mencionadas, es de gran utilidad que su m\u00e9dico ortopedista o Rehabilitador considere este art\u00edculo para llevar a cabo el mejor plan de manejo de su lesi\u00f3n siempre y cuando este bien diagnosticada y sea de la mano de un experto. &nbsp;<\/span><\/p>\n<p><span style=\"font-weight: 400;\">Los resultados con esta terapia de <a href=\"https:\/\/www.cirugiadehombroguadalajara.com\/blog\/wp-admin\/post-new.php\"><strong>ondas de choque<\/strong><\/a> pueden variar de un paciente a otro y dependiendo de la severidad de los casos. <\/span><\/p>\n<p>https:\/\/www.ncbi.nlm.nih.gov\/pubmed\/?term=10.5455%2Fmsm.2018.30.141-146<\/p>\n<h2><a href=\"https:\/\/www.cirugiadehombroguadalajara.com\/blog\/wp-admin\/post-new.php\"><strong><em>EFECTIVIDAD Y SEGURIDAD EN EL EMPLEO DE ONDAS DE CHOQUE<\/em><\/strong><\/a><\/h2>\n<p><a href=\"https:\/\/www.facebook.com\/Dr-Esteban-Castro-Contreras-Traumat%C3%B3logo-y-Ortopedista-121291695221565\/?ref=aymt_homepage_panel&amp;eid=ARBjmNWOihsg2QOL4_VmF0IaCckFu_fKxIl5vpNzK0yWMKQUjId2WH5_nVhoMikItRK-w6vhGwcOvThj\" target=\"_blank\" rel=\"noopener\"><span style=\"font-weight: 400;\">#EFECTIVIDADYSEGURIDADENELEMPLEODEONDASDECHOQUE<\/span><\/a><\/p>\n\n\n<figure class=\"wp-block-image size-large\"><img loading=\"lazy\" decoding=\"async\" width=\"1177\" height=\"434\" src=\"https:\/\/www.cirugiadehombroguadalajara.com\/blog\/wp-content\/uploads\/Dr_Juan_Carlos_Garcia_Cirugia_Articular_Mexico_Cirugia_de_Hombro_v003.jpg\" alt=\"Cirug\u00eda de hombro en Guadalajara\" class=\"wp-image-973\" title=\"\" srcset=\"https:\/\/www.cirugiadehombroguadalajara.com\/blog\/wp-content\/uploads\/Dr_Juan_Carlos_Garcia_Cirugia_Articular_Mexico_Cirugia_de_Hombro_v003.jpg 1177w, https:\/\/www.cirugiadehombroguadalajara.com\/blog\/wp-content\/uploads\/Dr_Juan_Carlos_Garcia_Cirugia_Articular_Mexico_Cirugia_de_Hombro_v003-980x361.jpg 980w, https:\/\/www.cirugiadehombroguadalajara.com\/blog\/wp-content\/uploads\/Dr_Juan_Carlos_Garcia_Cirugia_Articular_Mexico_Cirugia_de_Hombro_v003-480x177.jpg 480w\" sizes=\"(min-width: 0px) and (max-width: 480px) 480px, (min-width: 481px) and (max-width: 980px) 980px, (min-width: 981px) 1177px, 100vw\" \/><\/figure>\n\n\n\n<div class=\"wp-block-buttons is-layout-flex wp-block-buttons-is-layout-flex\">\n<div class=\"wp-block-button has-custom-width wp-block-button__width-100 has-custom-font-size is-style-fill has-medium-font-size\"><a class=\"wp-block-button__link has-white-color has-text-color has-background\" href=\"https:\/\/www.doctoralia.com.mx\/esteban-castro-contreras-2\/ortopedista-traumatologo\/tlajomulco-de-zuniga?utm_source=widget-doctor-63351&amp;utm_medium=certificate&amp;utm_campaign=&amp;utm_content=#highlight-calendar\" style=\"background-color:#00c3a5\" target=\"_blank\" rel=\"noreferrer noopener\"> Agenda una cita <\/a><\/div>\n\n\n\n<div class=\"wp-block-button has-custom-width wp-block-button__width-100 is-style-fill\"><a class=\"wp-block-button__link has-background\" href=\"https:\/\/www.cirugiadehombroguadalajara.com\/blog\" style=\"background-color:#0798bc\"> Conoce m\u00e1s <\/a><\/div>\n\n\n\n<div class=\"wp-block-button has-custom-width wp-block-button__width-50 is-style-outline is-style-outline--1\"><a class=\"wp-block-button__link has-text-color\" href=\"https:\/\/www.facebook.com\/Dr-Esteban-Castro-Contreras-Traumat%C3%B3logo-y-Ortopedista-121291695221565\/\" style=\"color:#0798bc\" target=\"_blank\" rel=\"noreferrer noopener\"> Facebook<\/a><\/div>\n\n\n\n<div class=\"wp-block-button has-custom-width wp-block-button__width-50 is-style-outline is-style-outline--2\"><a class=\"wp-block-button__link has-white-background-color has-text-color has-background\" href=\"https:\/\/www.instagram.com\/drestebancastrotrauma\/\" style=\"color:#0798bc\" target=\"_blank\" rel=\"noreferrer noopener\"> Instagram<\/a><\/div>\n<\/div>\n","protected":false},"excerpt":{"rendered":"<p>EFECTIVIDAD Y SEGURIDAD EN EL EMPLEO DE ONDAS DE CHOQUE EFECTIVIDAD Y SEGURIDAD EN EL EMPLEO DE ONDAS DE CHOQUE La tendinopat\u00eda es definida como &nbsp;la enfermedad inflamatoria de una estructura tendinas, siendo esta posible de manera aguda, secundaria a un traumatismo o cr\u00f3nica, secundaria a una enfermedad (artritis auto inmune, degenerativa o metab\u00f3lica). El [&hellip;]<\/p>\n","protected":false},"author":1,"featured_media":877,"comment_status":"open","ping_status":"open","sticky":false,"template":"","format":"standard","meta":{"_et_pb_use_builder":"","_et_pb_old_content":"","_et_gb_content_width":"","footnotes":""},"categories":[98,99,97,95,96,94],"tags":[104,105,103,101,102,100],"class_list":["post-274","post","type-post","status-publish","format-standard","has-post-thumbnail","hentry","category-espolon-calcaneo","category-fascitis-plantar","category-lesion-manguito-rotador","category-lesion-tendon-de-aquiles","category-lesion-tendon-de-hombro","category-ondas-de-choque","tag-espolon-calcaneo","tag-fascitis-plantar","tag-lesion-manguito-rotador","tag-lesion-tendon-de-aquiles","tag-lesion-tendon-de-hombro","tag-ondas-de-choque"],"_links":{"self":[{"href":"https:\/\/www.cirugiadehombroguadalajara.com\/blog\/wp-json\/wp\/v2\/posts\/274","targetHints":{"allow":["GET"]}}],"collection":[{"href":"https:\/\/www.cirugiadehombroguadalajara.com\/blog\/wp-json\/wp\/v2\/posts"}],"about":[{"href":"https:\/\/www.cirugiadehombroguadalajara.com\/blog\/wp-json\/wp\/v2\/types\/post"}],"author":[{"embeddable":true,"href":"https:\/\/www.cirugiadehombroguadalajara.com\/blog\/wp-json\/wp\/v2\/users\/1"}],"replies":[{"embeddable":true,"href":"https:\/\/www.cirugiadehombroguadalajara.com\/blog\/wp-json\/wp\/v2\/comments?post=274"}],"version-history":[{"count":4,"href":"https:\/\/www.cirugiadehombroguadalajara.com\/blog\/wp-json\/wp\/v2\/posts\/274\/revisions"}],"predecessor-version":[{"id":1301,"href":"https:\/\/www.cirugiadehombroguadalajara.com\/blog\/wp-json\/wp\/v2\/posts\/274\/revisions\/1301"}],"wp:featuredmedia":[{"embeddable":true,"href":"https:\/\/www.cirugiadehombroguadalajara.com\/blog\/wp-json\/wp\/v2\/media\/877"}],"wp:attachment":[{"href":"https:\/\/www.cirugiadehombroguadalajara.com\/blog\/wp-json\/wp\/v2\/media?parent=274"}],"wp:term":[{"taxonomy":"category","embeddable":true,"href":"https:\/\/www.cirugiadehombroguadalajara.com\/blog\/wp-json\/wp\/v2\/categories?post=274"},{"taxonomy":"post_tag","embeddable":true,"href":"https:\/\/www.cirugiadehombroguadalajara.com\/blog\/wp-json\/wp\/v2\/tags?post=274"}],"curies":[{"name":"wp","href":"https:\/\/api.w.org\/{rel}","templated":true}]}}