{"id":339,"date":"2019-05-16T17:30:31","date_gmt":"2019-05-16T17:30:31","guid":{"rendered":"https:\/\/www.cirugiadehombroguadalajara.com\/blog\/?p=339"},"modified":"2021-09-01T09:48:22","modified_gmt":"2021-09-01T15:48:22","slug":"dolor-de-columna","status":"publish","type":"post","link":"https:\/\/www.cirugiadehombroguadalajara.com\/blog\/dolor-de-columna\/","title":{"rendered":"Dolor de columna"},"content":{"rendered":"<h2>Dolor de columna<\/h2>\n<h3>Dolor de columna<\/h3>\n<p>Las deformidades de la columna vertebral pueden provocar cifosis tor\u00e1cica creciente o p\u00e9rdida de la<br \/>lordosis lumbar, lo que deriva en desequilibrio en el plano sagital, provocando un fuerte <strong>dolor de columna<\/strong>. Este tipo de deformidades puede tener efectos debilitantes desde los puntos de vista funcional y psicol\u00f3gico. La osteotom\u00eda de Smith-Petersen posibilita una correcci\u00f3n de alrededor de 10\u00b0 en el plano sagital, en cada nivel vertebral en el que se practica. Esta osteotom\u00eda es beneficiosa para pacientes que presentan un desequilibrio degenerativo en el plano sagital.<\/p>\n<p>La osteotom\u00eda de sustracci\u00f3n pedicular puede lograr una correcci\u00f3n de aproximadamente 30\u00b0-40\u00b0 en el<br \/>plano sagital, en cada nivel vertebral en el que se practica. Es la osteotom\u00eda preferida para pacientes con<br \/>espondilitis anquilosante que presentan un desequilibrio de la columna en el plano sagital. La osteotom\u00eda de extensi\u00f3n cervical se practica en la columna cervical, en la uni\u00f3n cervicotor\u00e1cica, en pacientes que tienen una deformidad cervical en flexi\u00f3n que les impide mirar hacia adelante mientras caminan o que les provoca dificultad para deglutir.<\/p>\n<h3>Cirug\u00eda de columna<\/h3>\n<p>Se recurre a la resecci\u00f3n de la columna vertebral cuando el desequilibrio es lo suficientemente grave para<br \/>que otras osteotom\u00edas no permitan corregir la deformidad, sobre todo en pacientes con desequilibrio<br \/>sagital y coronal combinado.\u00a0Los problemas neurol\u00f3gicos, ya sean transitorios o permanentes, son las complicaciones m\u00e1s frecuentes despu\u00e9s de estos procedimientos.<\/p>\n<p>Los resultados recientes han mostrado una alta tasa de satisfacci\u00f3n de los pacientes y buena evoluci\u00f3n<br \/>funcional despu\u00e9s de osteotom\u00edas vertebrales efectuadas para tratar diversos trastornos.<br \/>Las deformidades vertebrales del adulto plantean numerosos desaf\u00edos al cirujano de columna. En particular, a veces no es posible corregir un desequilibrio sustancial en el plano sagital s\u00f3lo mediante una artrodesis con instrumentaci\u00f3n, especialmente cuando la deformidad es inflexible. En estos casos singulares, se deben practicar osteotom\u00edas vertebrales para lograr el equilibrio tanto en el plano sagital como en el coronal. Hay varios cuadros en los que las osteotom\u00edas son una opci\u00f3n de tratamiento viable. Estos trastornos son: escoliosis fija del adulto, desequilibrio de la columna en el plano sagital y espondiloartropat\u00edas (espondilitis anquilosante y artritis psori\u00e1sica), entre otros. Estas deformidades incapacitantes pueden causar aplanamiento de la lordosis lumbar normal, hipercifosis tor\u00e1cica y traslaci\u00f3n anterior (equilibrio sagital positivo) de la cabeza y la columna cervical. Estas posturas son funcional y psicol\u00f3gicamente incapacitantes.<\/p>\n<p><strong>Cirug\u00eda de rodilla en Guadalajara<\/strong><\/p>\n\n\n<figure class=\"wp-block-image size-large\"><img loading=\"lazy\" decoding=\"async\" width=\"1177\" height=\"434\" src=\"https:\/\/www.cirugiadehombroguadalajara.com\/blog\/wp-content\/uploads\/columna-1056x1056-1.jpg\" alt=\"Cirug\u00eda de columna en Zapopan\" class=\"wp-image-939\" title=\"\" srcset=\"https:\/\/www.cirugiadehombroguadalajara.com\/blog\/wp-content\/uploads\/columna-1056x1056-1.jpg 1177w, https:\/\/www.cirugiadehombroguadalajara.com\/blog\/wp-content\/uploads\/columna-1056x1056-1-980x361.jpg 980w, https:\/\/www.cirugiadehombroguadalajara.com\/blog\/wp-content\/uploads\/columna-1056x1056-1-480x177.jpg 480w\" sizes=\"(min-width: 0px) and (max-width: 480px) 480px, (min-width: 481px) and (max-width: 980px) 980px, (min-width: 981px) 1177px, 100vw\" \/><\/figure>\n\n\n\n<div class=\"wp-block-buttons is-layout-flex wp-block-buttons-is-layout-flex\">\n<div class=\"wp-block-button has-custom-width wp-block-button__width-100 has-custom-font-size is-style-fill has-medium-font-size\"><a class=\"wp-block-button__link has-white-color has-text-color has-background\" href=\"https:\/\/www.doctoralia.com.mx\/esteban-castro-contreras-2\/ortopedista-traumatologo\/tlajomulco-de-zuniga?utm_source=widget-doctor-63351&amp;utm_medium=certificate&amp;utm_campaign=&amp;utm_content=#highlight-calendar\" style=\"background-color:#00c3a5\" target=\"_blank\" rel=\"noreferrer noopener\"> Agenda una cita <\/a><\/div>\n\n\n\n<div class=\"wp-block-button has-custom-width wp-block-button__width-100 is-style-fill\"><a class=\"wp-block-button__link has-background\" href=\"https:\/\/www.cirugiadehombroguadalajara.com\/blog\" style=\"background-color:#0798bc\"> Conoce m\u00e1s <\/a><\/div>\n\n\n\n<div class=\"wp-block-button has-custom-width wp-block-button__width-50 is-style-outline is-style-outline--1\"><a class=\"wp-block-button__link has-text-color\" href=\"https:\/\/www.facebook.com\/Dr-Esteban-Castro-Contreras-Traumat%C3%B3logo-y-Ortopedista-121291695221565\/\" style=\"color:#0798bc\" target=\"_blank\" rel=\"noreferrer noopener\"> Facebook<\/a><\/div>\n\n\n\n<div class=\"wp-block-button has-custom-width wp-block-button__width-50 is-style-outline is-style-outline--2\"><a class=\"wp-block-button__link has-white-background-color has-text-color has-background\" href=\"https:\/\/www.instagram.com\/drestebancastrotrauma\/\" style=\"color:#0798bc\" target=\"_blank\" rel=\"noreferrer noopener\"> Instagram<\/a><\/div>\n<\/div>\n","protected":false},"excerpt":{"rendered":"<p>Dolor de columna Dolor de columna Las deformidades de la columna vertebral pueden provocar cifosis tor\u00e1cica creciente o p\u00e9rdida de lalordosis lumbar, lo que deriva en desequilibrio en el plano sagital, provocando un fuerte dolor de columna. Este tipo de deformidades puede tener efectos debilitantes desde los puntos de vista funcional y psicol\u00f3gico. La osteotom\u00eda [&hellip;]<\/p>\n","protected":false},"author":1,"featured_media":852,"comment_status":"open","ping_status":"open","sticky":false,"template":"","format":"standard","meta":{"_et_pb_use_builder":"","_et_pb_old_content":"","_et_gb_content_width":"","footnotes":""},"categories":[32],"tags":[39,121,36,120,117],"class_list":["post-339","post","type-post","status-publish","format-standard","has-post-thumbnail","hentry","category-cirugia-de-columna","tag-cirugia-de-columna","tag-cirugia-de-columna-ortopedista","tag-dolor-de-columna","tag-dolor-de-columna-en-guadalajara","tag-ortopedista-en-guadalajara"],"_links":{"self":[{"href":"https:\/\/www.cirugiadehombroguadalajara.com\/blog\/wp-json\/wp\/v2\/posts\/339","targetHints":{"allow":["GET"]}}],"collection":[{"href":"https:\/\/www.cirugiadehombroguadalajara.com\/blog\/wp-json\/wp\/v2\/posts"}],"about":[{"href":"https:\/\/www.cirugiadehombroguadalajara.com\/blog\/wp-json\/wp\/v2\/types\/post"}],"author":[{"embeddable":true,"href":"https:\/\/www.cirugiadehombroguadalajara.com\/blog\/wp-json\/wp\/v2\/users\/1"}],"replies":[{"embeddable":true,"href":"https:\/\/www.cirugiadehombroguadalajara.com\/blog\/wp-json\/wp\/v2\/comments?post=339"}],"version-history":[{"count":4,"href":"https:\/\/www.cirugiadehombroguadalajara.com\/blog\/wp-json\/wp\/v2\/posts\/339\/revisions"}],"predecessor-version":[{"id":1286,"href":"https:\/\/www.cirugiadehombroguadalajara.com\/blog\/wp-json\/wp\/v2\/posts\/339\/revisions\/1286"}],"wp:featuredmedia":[{"embeddable":true,"href":"https:\/\/www.cirugiadehombroguadalajara.com\/blog\/wp-json\/wp\/v2\/media\/852"}],"wp:attachment":[{"href":"https:\/\/www.cirugiadehombroguadalajara.com\/blog\/wp-json\/wp\/v2\/media?parent=339"}],"wp:term":[{"taxonomy":"category","embeddable":true,"href":"https:\/\/www.cirugiadehombroguadalajara.com\/blog\/wp-json\/wp\/v2\/categories?post=339"},{"taxonomy":"post_tag","embeddable":true,"href":"https:\/\/www.cirugiadehombroguadalajara.com\/blog\/wp-json\/wp\/v2\/tags?post=339"}],"curies":[{"name":"wp","href":"https:\/\/api.w.org\/{rel}","templated":true}]}}