{"id":659,"date":"2020-09-30T11:42:30","date_gmt":"2020-09-30T17:42:30","guid":{"rendered":"https:\/\/www.cirugiadehombroguadalajara.com\/blog\/?p=659"},"modified":"2021-08-23T10:32:42","modified_gmt":"2021-08-23T16:32:42","slug":"coxartrosis","status":"publish","type":"post","link":"https:\/\/www.cirugiadehombroguadalajara.com\/blog\/coxartrosis\/","title":{"rendered":"Coxartrosis"},"content":{"rendered":"\n<h2 class=\"wp-block-heading\">Artrosis de cadera, osteoartrosis<\/h2>\n\n\n<p>Enfermedad degenerativa en la cual se produce desgaste del cart\u00edlago articular, proliferaci\u00f3n del hueso subcondral e inflamaci\u00f3n de la membrana sinovial.<\/p>\n\n\n<figure class=\"wp-block-image size-large is-resized\"><img loading=\"lazy\" decoding=\"async\" src=\"https:\/\/www.cirugiadehombroguadalajara.com\/blog\/wp-content\/uploads\/2020\/09\/coxartrosis.jpg\" alt=\"\" class=\"wp-image-660\" width=\"307\" height=\"187\" title=\"\" srcset=\"https:\/\/www.cirugiadehombroguadalajara.com\/blog\/wp-content\/uploads\/2020\/09\/coxartrosis.jpg 420w, https:\/\/www.cirugiadehombroguadalajara.com\/blog\/wp-content\/uploads\/2020\/09\/coxartrosis-300x183.jpg 300w, https:\/\/www.cirugiadehombroguadalajara.com\/blog\/wp-content\/uploads\/2020\/09\/coxartrosis-98x60.jpg 98w\" sizes=\"(max-width: 307px) 100vw, 307px\" \/><\/figure>\n\n\n<p>Enfermedad progresiva degenerativa responsable de alteraciones en la marcha y dolor mec\u00e1nico que aparece en ingle, cara anterior del muslo o en gl\u00fateo, con limitaci\u00f3n de los arcos de movilidad de la cadera. Las causas suelen ser primarias (Edad, carga gen\u00e9tica, sexo) y secundarias (traumatismos, enfermedades cong\u00e9nitas, metab\u00f3licas y iatrog\u00e9nicas).<\/p>\n<h3><strong>Qui\u00e9n puede tratar o diagnosticar Coxartrosis:<\/strong><\/h3>\n<p>Especialista en traumatolog\u00eda y ortopedia.<\/p>\n<h3><strong>Medios de diagn\u00f3stico:<\/strong><\/h3>\n<ul>\n<li>Cl\u00ednico<\/li>\n<li>Radiograf\u00eda<\/li>\n<li>TAC<\/li>\n<\/ul>\n<h3><strong>Tiempo de recuperaci\u00f3n:<\/strong><\/h3>\n<p>2-4 meses posterior a cirug\u00eda.<\/p>\n<h3><strong>S\u00edntomas:<\/strong><\/h3>\n<ul>\n<li>Dolor en la ingle<\/li>\n<li>Dolor en el muslo<\/li>\n<li>Rigidez al iniciar alguna actividad f\u00edsica<\/li>\n<li>Puede aparecer dolor en la rodilla<\/li>\n<li>El dolor mejora con el reposo<\/li>\n<li>Cojera<\/li>\n<\/ul>\n<h3><strong>Tratamientos:<\/strong><\/h3>\n<p>Conservador y quir\u00fargico.<\/p>\n<h3><strong>Cuidado y apoyo:<\/strong><\/h3>\n<ul>\n<li>Disminuci\u00f3n de peso<\/li>\n<li>Ejercicio f\u00edsico<\/li>\n<li>\u00d3rtesis<\/li>\n<li>Rehabilitaci\u00f3n<\/li>\n<\/ul>\n<h3><strong>Medicamentos (Tipos de medicamentos no sustancias espec\u00edficas):<\/strong><\/h3>\n<ul>\n<li>Antiinflamatorios no esteroideos<\/li>\n<li>Analg\u00e9sicos opioides<\/li>\n<li>Analg\u00e9sicos t\u00f3picos<\/li>\n<li>F\u00e1rmacos condroprotectores<\/li>\n<\/ul>\n<h3><strong>Procedimiento m\u00e9dico:<\/strong><\/h3>\n<p>Artroplastia total de cadera.<\/p>\n<h3><strong>Referencias:<\/strong><\/h3>\n<p>Arthrolink. 2020. La coxartrosis. Francia. https:\/\/www.arthrolink.com\/sites\/www.arthrolink.com\/files\/fiches-patients\/artrosis-de-la-cadera.pdf<\/p>\n\n\n<div class=\"wp-block-buttons is-layout-flex wp-block-buttons-is-layout-flex\">\n<div class=\"wp-block-button has-custom-width wp-block-button__width-100 has-custom-font-size is-style-fill has-medium-font-size\"><a class=\"wp-block-button__link has-white-color has-text-color has-background\" href=\"https:\/\/www.doctoralia.com.mx\/esteban-castro-contreras-2\/ortopedista-traumatologo\/tlajomulco-de-zuniga?utm_source=widget-doctor-63351&amp;utm_medium=certificate&amp;utm_campaign=&amp;utm_content=#highlight-calendar\" style=\"background-color:#00c3a5\" target=\"_blank\" rel=\"noreferrer noopener\"> Agenda una cita <\/a><\/div>\n\n\n\n<div class=\"wp-block-button has-custom-width wp-block-button__width-100 is-style-fill\"><a class=\"wp-block-button__link has-background\" href=\"https:\/\/www.cirugiadehombroguadalajara.com\/blog\" style=\"background-color:#0798bc\"> Conoce m\u00e1s <\/a><\/div>\n\n\n\n<div class=\"wp-block-button has-custom-width wp-block-button__width-50 is-style-outline is-style-outline--1\"><a class=\"wp-block-button__link has-text-color\" href=\"https:\/\/www.facebook.com\/Dr-Esteban-Castro-Contreras-Traumat%C3%B3logo-y-Ortopedista-121291695221565\/\" style=\"color:#0798bc\" target=\"_blank\" rel=\"noreferrer noopener\"> Facebook<\/a><\/div>\n\n\n\n<div class=\"wp-block-button has-custom-width wp-block-button__width-50 is-style-outline is-style-outline--2\"><a class=\"wp-block-button__link has-white-background-color has-text-color has-background\" href=\"https:\/\/www.instagram.com\/drestebancastrotrauma\/\" style=\"color:#0798bc\" target=\"_blank\" rel=\"noreferrer noopener\"> Instagram<\/a><\/div>\n<\/div>\n","protected":false},"excerpt":{"rendered":"<p>Artrosis de cadera, osteoartrosis Enfermedad degenerativa en la cual se produce desgaste del cart\u00edlago articular, proliferaci\u00f3n del hueso subcondral e inflamaci\u00f3n de la membrana sinovial. Enfermedad progresiva degenerativa responsable de alteraciones en la marcha y dolor mec\u00e1nico que aparece en ingle, cara anterior del muslo o en gl\u00fateo, con limitaci\u00f3n de los arcos de movilidad [&hellip;]<\/p>\n","protected":false},"author":3,"featured_media":1003,"comment_status":"open","ping_status":"open","sticky":false,"template":"","format":"standard","meta":{"_et_pb_use_builder":"","_et_pb_old_content":"","_et_gb_content_width":"","footnotes":""},"categories":[182,50,82,62,63],"tags":[248,247,249,250,251,253],"class_list":["post-659","post","type-post","status-publish","format-standard","has-post-thumbnail","hentry","category-articulaciones","category-cirugia-ortopedica","category-cirugia-ortopedica-general","category-ortopedia","category-traumatologia","tag-artrosis-de-cadera","tag-coxartrosis","tag-dolor-de-cadera","tag-dolor-de-ingle","tag-dolor-de-muslo","tag-enfermedad-degenerativa-2"],"_links":{"self":[{"href":"https:\/\/www.cirugiadehombroguadalajara.com\/blog\/wp-json\/wp\/v2\/posts\/659","targetHints":{"allow":["GET"]}}],"collection":[{"href":"https:\/\/www.cirugiadehombroguadalajara.com\/blog\/wp-json\/wp\/v2\/posts"}],"about":[{"href":"https:\/\/www.cirugiadehombroguadalajara.com\/blog\/wp-json\/wp\/v2\/types\/post"}],"author":[{"embeddable":true,"href":"https:\/\/www.cirugiadehombroguadalajara.com\/blog\/wp-json\/wp\/v2\/users\/3"}],"replies":[{"embeddable":true,"href":"https:\/\/www.cirugiadehombroguadalajara.com\/blog\/wp-json\/wp\/v2\/comments?post=659"}],"version-history":[{"count":4,"href":"https:\/\/www.cirugiadehombroguadalajara.com\/blog\/wp-json\/wp\/v2\/posts\/659\/revisions"}],"predecessor-version":[{"id":1192,"href":"https:\/\/www.cirugiadehombroguadalajara.com\/blog\/wp-json\/wp\/v2\/posts\/659\/revisions\/1192"}],"wp:featuredmedia":[{"embeddable":true,"href":"https:\/\/www.cirugiadehombroguadalajara.com\/blog\/wp-json\/wp\/v2\/media\/1003"}],"wp:attachment":[{"href":"https:\/\/www.cirugiadehombroguadalajara.com\/blog\/wp-json\/wp\/v2\/media?parent=659"}],"wp:term":[{"taxonomy":"category","embeddable":true,"href":"https:\/\/www.cirugiadehombroguadalajara.com\/blog\/wp-json\/wp\/v2\/categories?post=659"},{"taxonomy":"post_tag","embeddable":true,"href":"https:\/\/www.cirugiadehombroguadalajara.com\/blog\/wp-json\/wp\/v2\/tags?post=659"}],"curies":[{"name":"wp","href":"https:\/\/api.w.org\/{rel}","templated":true}]}}