{"id":96,"date":"2018-08-10T21:21:00","date_gmt":"2018-08-10T21:21:00","guid":{"rendered":"https:\/\/www.cirugiadehombroguadalajara.com\/blog\/?p=96"},"modified":"2021-09-01T10:32:10","modified_gmt":"2021-09-01T16:32:10","slug":"cirugia-columna","status":"publish","type":"post","link":"https:\/\/www.cirugiadehombroguadalajara.com\/blog\/cirugia-columna\/","title":{"rendered":"Cirug\u00eda de columna"},"content":{"rendered":"<h1>Cirug\u00eda de columna<\/h1>\n<p>Para los pacientes con recurrencias m\u00faltiples de hernia de disco, puede ser recomendable una artrodesis vertebral para evitar m\u00e1s recurrencias. Retirar todo el espacio intervertebral y fusionar el nivel es la forma m\u00e1s com\u00fan de asegurar absolutamente que no puedan ocurrir m\u00e1s hernias de disco. Si la articulaci\u00f3n facetaria posterior no est\u00e1 comprometida y se cumplen otros criterios, se puede considerar un reemplazo de disco artificial.<\/p>\n<p>No se considera que las hernias de disco recurrente est\u00e9n directamente relacionadas con la actividad del paciente, y probablemente tengan m\u00e1s que ver con el hecho de que dentro de ciertos espacios intervertebrales existen m\u00faltiples fragmentos de disco que pueden salir en una fecha posterior. Lamentablemente, con un enfoque de \u00a0mediante microdiscectom\u00eda posterior, solo alrededor del 5 al 7% del espacio intervertebral puede extraerse, y la mayor\u00eda del espacio intervertebral no puede visualizarse.<br \/>Generalmente, una microdiscectom\u00eda se realiza en forma ambulatoria (sin que el paciente pase la noche en el hospital) o con una noche en el hospital. Despu\u00e9s de la operaci\u00f3n, los pacientes pueden retomar el nivel de actividad cotidiana r\u00e1pidamente.<\/p>\n<p>Algunos\u00a0 la\u00a0solicitan al paciente que no se incline, levante peso, o gire el torso durante las primeras seis semanas despu\u00e9s de la <a href=\"https:\/\/cirugiadecolumnaguadalajara.com.mx\/\" target=\"_blank\" rel=\"noopener\"><em><strong>Cirug\u00eda de columna<\/strong><\/em>.<\/a> No obstante, debido a que la espalda del paciente es mec\u00e1nicamente la misma, tambi\u00e9n es razonable retomar un nivel normal de funcionamiento inmediatamente despu\u00e9s de la cirug\u00eda de columna.<\/p>\n<p>Ha habido un par de informes en la literatura m\u00e9dica que muestran que la movilizaci\u00f3n inmediata (regresar a la actividad normal) no lleva a un aumento en la recurrencia de hernia de disco lumbar.<\/p>\n<h2><a href=\"https:\/\/cirugiadecolumnaguadalajara.com.mx\/\" target=\"_blank\" rel=\"noopener\"><em><strong>Cirug\u00eda de columna <\/strong><\/em><\/a><\/h2>\n\n\n<figure class=\"wp-block-image size-full\"><img loading=\"lazy\" decoding=\"async\" width=\"1177\" height=\"434\" src=\"https:\/\/www.cirugiadehombroguadalajara.com\/blog\/wp-content\/uploads\/columna-1056x1056-1.jpg\" alt=\"Cirug\u00eda de columna en Zapopan\" class=\"wp-image-939\" title=\"\" srcset=\"https:\/\/www.cirugiadehombroguadalajara.com\/blog\/wp-content\/uploads\/columna-1056x1056-1.jpg 1177w, https:\/\/www.cirugiadehombroguadalajara.com\/blog\/wp-content\/uploads\/columna-1056x1056-1-980x361.jpg 980w, https:\/\/www.cirugiadehombroguadalajara.com\/blog\/wp-content\/uploads\/columna-1056x1056-1-480x177.jpg 480w\" sizes=\"(min-width: 0px) and (max-width: 480px) 480px, (min-width: 481px) and (max-width: 980px) 980px, (min-width: 981px) 1177px, 100vw\" \/><\/figure>\n\n\n\n<div class=\"wp-block-buttons is-layout-flex wp-block-buttons-is-layout-flex\">\n<div class=\"wp-block-button has-custom-width wp-block-button__width-100 has-custom-font-size is-style-fill has-medium-font-size\"><a class=\"wp-block-button__link has-white-color has-text-color has-background\" href=\"https:\/\/www.doctoralia.com.mx\/esteban-castro-contreras-2\/ortopedista-traumatologo\/tlajomulco-de-zuniga?utm_source=widget-doctor-63351&amp;utm_medium=certificate&amp;utm_campaign=&amp;utm_content=#highlight-calendar\" style=\"background-color:#00c3a5\" target=\"_blank\" rel=\"noreferrer noopener\"> Agenda una cita <\/a><\/div>\n\n\n\n<div class=\"wp-block-button has-custom-width wp-block-button__width-100 is-style-fill\"><a class=\"wp-block-button__link has-background\" href=\"https:\/\/www.cirugiadehombroguadalajara.com\/blog\" style=\"background-color:#0798bc\"> Conoce m\u00e1s <\/a><\/div>\n\n\n\n<div class=\"wp-block-button has-custom-width wp-block-button__width-50 is-style-outline is-style-outline--1\"><a class=\"wp-block-button__link has-text-color\" href=\"https:\/\/www.facebook.com\/Dr-Esteban-Castro-Contreras-Traumat%C3%B3logo-y-Ortopedista-121291695221565\/\" style=\"color:#0798bc\" target=\"_blank\" rel=\"noreferrer noopener\"> Facebook<\/a><\/div>\n\n\n\n<div class=\"wp-block-button has-custom-width wp-block-button__width-50 is-style-outline is-style-outline--2\"><a class=\"wp-block-button__link has-white-background-color has-text-color has-background\" href=\"https:\/\/www.instagram.com\/drestebancastrotrauma\/\" style=\"color:#0798bc\" target=\"_blank\" rel=\"noreferrer noopener\"> Instagram<\/a><\/div>\n<\/div>\n","protected":false},"excerpt":{"rendered":"<p>Cirug\u00eda de columna Para los pacientes con recurrencias m\u00faltiples de hernia de disco, puede ser recomendable una artrodesis vertebral para evitar m\u00e1s recurrencias. Retirar todo el espacio intervertebral y fusionar el nivel es la forma m\u00e1s com\u00fan de asegurar absolutamente que no puedan ocurrir m\u00e1s hernias de disco. Si la articulaci\u00f3n facetaria posterior no est\u00e1 [&hellip;]<\/p>\n","protected":false},"author":1,"featured_media":964,"comment_status":"open","ping_status":"open","sticky":false,"template":"","format":"standard","meta":{"_et_pb_use_builder":"","_et_pb_old_content":"","_et_gb_content_width":"","footnotes":""},"categories":[32],"tags":[39,34,21,36,38,37,35],"class_list":["post-96","post","type-post","status-publish","format-standard","has-post-thumbnail","hentry","category-cirugia-de-columna","tag-cirugia-de-columna","tag-cirugia-de-columna-guadalajara","tag-cirugia-ortopedica-general","tag-dolor-de-columna","tag-enfermedades-de-la-columna","tag-fracturas-de-la-columna","tag-lesiones-de-columna-vertebral"],"_links":{"self":[{"href":"https:\/\/www.cirugiadehombroguadalajara.com\/blog\/wp-json\/wp\/v2\/posts\/96","targetHints":{"allow":["GET"]}}],"collection":[{"href":"https:\/\/www.cirugiadehombroguadalajara.com\/blog\/wp-json\/wp\/v2\/posts"}],"about":[{"href":"https:\/\/www.cirugiadehombroguadalajara.com\/blog\/wp-json\/wp\/v2\/types\/post"}],"author":[{"embeddable":true,"href":"https:\/\/www.cirugiadehombroguadalajara.com\/blog\/wp-json\/wp\/v2\/users\/1"}],"replies":[{"embeddable":true,"href":"https:\/\/www.cirugiadehombroguadalajara.com\/blog\/wp-json\/wp\/v2\/comments?post=96"}],"version-history":[{"count":6,"href":"https:\/\/www.cirugiadehombroguadalajara.com\/blog\/wp-json\/wp\/v2\/posts\/96\/revisions"}],"predecessor-version":[{"id":1371,"href":"https:\/\/www.cirugiadehombroguadalajara.com\/blog\/wp-json\/wp\/v2\/posts\/96\/revisions\/1371"}],"wp:featuredmedia":[{"embeddable":true,"href":"https:\/\/www.cirugiadehombroguadalajara.com\/blog\/wp-json\/wp\/v2\/media\/964"}],"wp:attachment":[{"href":"https:\/\/www.cirugiadehombroguadalajara.com\/blog\/wp-json\/wp\/v2\/media?parent=96"}],"wp:term":[{"taxonomy":"category","embeddable":true,"href":"https:\/\/www.cirugiadehombroguadalajara.com\/blog\/wp-json\/wp\/v2\/categories?post=96"},{"taxonomy":"post_tag","embeddable":true,"href":"https:\/\/www.cirugiadehombroguadalajara.com\/blog\/wp-json\/wp\/v2\/tags?post=96"}],"curies":[{"name":"wp","href":"https:\/\/api.w.org\/{rel}","templated":true}]}}